{"provider_url": "https://www.uba.mg.leg.br", "title": "Come\u00e7am neste s\u00e1bado as aulas do Pr\u00e9-Enem 2018", "html": "<p align=\"justify\"><span><span><span>Numa parceria entre a Escola do Legislativo (EL) da C\u00e2mara Municipal de Ub\u00e1 (CMU) e o Instituto Federal de Educa\u00e7\u00e3o, Ci\u00eancia e Tecnologia do Sudeste de Minas Gerais - IF Sudeste MG (campus Rio Pomba e campus avan\u00e7ado Ub\u00e1), come\u00e7a no pr\u00f3ximo s\u00e1bado, 4 de agosto, o Pr\u00e9-Enem Social 2018. A aula inaugural ser\u00e1 \u00e0s 14 horas, no plen\u00e1rio da CMU, iniciando com a participa\u00e7\u00e3o do Diretor da EL e Vice-Presidente da C\u00e2mara, vereador Edeir Pacheco, e da Diretora de Extens\u00e3o e Professora do Departamento de Ci\u00eancias Gerenciais do Campus Rio Pomba do IF Sudeste MG, Dr.\u00aa Elisete Reis de Oliveira, que v\u00e3o apresentar o projeto e a institui\u00e7\u00e3o parceira.</span></span></span></p>\r\n<p align=\"justify\"><span><span><span>\u201c<span><span><span>Reda\u00e7\u00e3o\u201d </span></span></span></span></span><span><span><span><span><span>\u00e9 o tema desta primeira aula do curso preparat\u00f3rio para o Exame Nacional do Ensino M\u00e9dio, marcado para os dias 4 e 11 de novembro. O conte\u00fado ser\u00e1 ministrado pela </span></span></span><span>Prof.\u00aa Dr. \u00aa Marcela Zambolim de Moura, </span><span><span><span><span>graduada em Letras pela Universidade Federal de Juiz de Fora (UFJF) e Doutora em Lingu\u00edstica, </span></span></span></span><span><span><span><span>tamb\u00e9m pela </span></span></span></span><span><span><span><span>UFJF. \u00c9 professora efetiva do Instituto Federal de Educa\u00e7\u00e3o, Ci\u00eancia e Tecnologia do Sudeste de Minas Gerais </span></span></span></span><span><span><span><span>(</span></span></span></span><span><span><span><span>IFET</span></span></span></span><span><span><span><span>)</span></span></span></span><span><span><span><span>, </span></span></span></span><span><span><span><span>campus </span></span></span></span><span><span><span><span>Rio Pomba, </span></span></span></span><span><span><span><span>onde</span></span></span></span><span><span><span><span> </span></span></span></span><span><span><span><span>mi</span></span></span></span><span><span><span><span>nistra L\u00edngua Portuguesa, Literatura e Reda\u00e7\u00e3o, Produ\u00e7\u00e3o de textos t\u00e9cnico-cient\u00edficos, Ingl\u00eas Instrumental e \u00e1reas afins para cursos T\u00e9cnicos Integrados e cursos de Gradua\u00e7\u00e3o.</span></span></span></span></span></span></span></p>\r\n<p align=\"justify\"><span><span><span><b>O projeto</b></span></span></span></p>\r\n<p align=\"justify\"><span><span><span>Desde 2015 o Pr\u00e9-Enem Social est\u00e1 entre os projetos de destaque da C\u00e2mara Municipal de Ub\u00e1 e em 2018 n\u00e3o poderia ser diferente. Cerca de 900 alunos participaram das tr\u00eas edi\u00e7\u00f5es anteriores desta iniciativa que visa oferecer a prepara\u00e7\u00e3o de aprendizagem para os estudantes que v\u00e3o prestar o exame.</span></span></span></p>\r\n<p align=\"justify\"><span><span><span>As aulas gratuitas e direcionadas prioritariamente a estudantes da rede p\u00fablica de ensino de Ub\u00e1 s\u00e3o realizadas aos s\u00e1bados, das 14 \u00e0s 18 horas, na sede do Poder Legislativo Ubaense.</span></span></span></p>\r\n<p align=\"justify\"><span><span><span>Parcerias n\u00e3o onerosas s\u00e3o firmadas entre a CMU e institui\u00e7\u00f5es de ensino reconhecidas. Neste ano, nosso parceiro \u00e9 o IF Sudeste MG (campus Rio Pomba e Ub\u00e1), cujo quadro docente est\u00e1 respons\u00e1vel por ministrar as aulas.</span></span></span></p>\r\n<p align=\"justify\"><span><span><span><b>Sobre o Instituto Federal de Educa\u00e7\u00e3o, Ci\u00eancia e Tecnologia do Sudeste de Minas Gerais - IF Sudeste MG</b></span></span></span></p>\r\n<p align=\"justify\"><span><span><span>O Instituto Federal de Educa\u00e7\u00e3o, Ci\u00eancia e Tecnologia do Sudeste de Minhas Gerais foi criado em dezembro de 2008, e integrou, em uma \u00fanica institui\u00e7\u00e3o, os antigos Centro Federal de Educa\u00e7\u00e3o Tecnol\u00f3gica de Rio Pomba (Cefet-RP), a Escola Agrot\u00e9cnica Federal de Barbacena e o Col\u00e9gio T\u00e9cnico Universit\u00e1rio (CTU) da UFJF. Atualmente a institui\u00e7\u00e3o \u00e9 composta por campi localizados nas cidades de Barbacena, Bom Sucesso, Cataguases, Juiz de Fora, Manhua\u00e7u, Muria\u00e9, Rio Pomba, Santos Dumont, S\u00e3o Jo\u00e3o del-Rei e Ub\u00e1. O munic\u00edpio de Juiz de Fora abriga, ainda, a Reitoria do instituto.</span></span></span></p>\r\n<p align=\"justify\"><span><span><span>O IF Sudeste MG \u00e9 uma institui\u00e7\u00e3o de educa\u00e7\u00e3o superior, b\u00e1sica e profissional, pluricurricular e multicampi, especializada na oferta de educa\u00e7\u00e3o profissional e tecnol\u00f3gica nas diferentes modalidades de ensino, com base na conjuga\u00e7\u00e3o de conhecimentos t\u00e9cnicos e tecnol\u00f3gicos com as suas pr\u00e1ticas pedag\u00f3gicas. Os institutos federais t\u00eam por objetivo desenvolver e ofertar a educa\u00e7\u00e3o t\u00e9cnica e profissional em todos os seus n\u00edveis de modalidade e, com isso, formar e qualificar cidad\u00e3os para atuar nos diversos setores da economia, com \u00eanfase no desenvolvimento socioecon\u00f4mico local, regional e nacional.</span></span></span></p>", "author_name": "", "version": "1.0", "author_url": "https://www.uba.mg.leg.br/author/comunicacao", "provider_name": " ", "type": "rich"}