{"provider_url": "https://www.uba.mg.leg.br", "title": "Comiss\u00e3o de \u00c9tica inicia procedimento disciplinar na C\u00e2mara", "html": "<p style=\"text-align: justify; \">Sob a presid\u00eancia do vereador Gilson Fazolla Filgueiras, a Comiss\u00e3o de \u00c9tica e Decoro Parlamentar (CEDP) da C\u00e2mara Municipal de Ub\u00e1, composta ainda pelos vereadores Aparecida S\u00f4nia Ferreira Vidal (Secret\u00e1ria da CEDP) e Jos\u00e9 Damato Neto (membro titular da Comiss\u00e3o e relator do procedimento), reuniu-se no dia 23 de junho, \u00e0s 14h, para instruir procedimento disciplinar instaurado a partir da Representa\u00e7\u00e3o n\u00ba 01/2021, de 30 de abril de 2021.</p>\r\n<p style=\"text-align: justify; \">No documento, destinado \u00e0 Comiss\u00e3o de \u00c9tica, o vereador Jos\u00e9 Maria Fernandes denuncia a vereadora Jane Cristina Lacerda Pinto por \u201cquebra de decoro parlamentar\u201d.</p>\r\n<p style=\"text-align: justify; \">A sess\u00e3o teve como pauta as oitivas das partes e de testemunhas. Denunciante e denunciada foram acompanhados por seus advogados: Andr\u00e9 Squizzato e Milton Tavares Leonardo J\u00fanior (em defesa da vereadora Jane Lacerda); Daniel Vieira de Souza e Yasmin Teodoro Fran\u00e7a (prepostos do vereador Jos\u00e9 Maria). Tamb\u00e9m assistiu a reuni\u00e3o a Sra. Andreza Fernandes Gazolla, a convite da vereadora Jane.</p>\r\n<p style=\"text-align: justify; \">Os procedimentos deste primeiro dia foram encerrados \u00e0s 19h46, conforme a ata lavrada, na qual tamb\u00e9m se registrou a sa\u00edda antecipada do vereador Jos\u00e9 Damato Neto, relator, \u00e0s 18h05, com autoriza\u00e7\u00e3o da presid\u00eancia da Comiss\u00e3o, sob o argumento de ter compromissos previamente agendados.</p>\r\n<p style=\"text-align: justify; \">\u00a0</p>\r\n<p style=\"text-align: justify; \">\u00a0<i>Por Gisele Caires</i></p>\r\n<p style=\"text-align: justify; \"><i>Jornalista CMU</i></p>\r\n<p>\u00a0</p>", "author_name": "jornalista", "version": "1.0", "author_url": "https://www.uba.mg.leg.br/author/jornalista", "provider_name": " ", "type": "rich"}