{"provider_url": "https://www.uba.mg.leg.br", "title": "Comunicado: desligamento tempor\u00e1rio do site da C\u00e2mara para manuten\u00e7\u00e3o programada", "html": "<p>A C\u00e2mara Municipal de Ub\u00e1 informa que ser\u00e1 necess\u00e1rio desligar temporariamente os servi\u00e7os hospedados no Interlegis para migra\u00e7\u00e3o para o Data Center do Senado Federal, segundo o cronograma a seguir:</p>\r\n<p><strong>Portal Modelo</strong>: dia 15/04/2019, de 8h \u00e0s 23h.</p>\r\n<p><strong>\u00a0SAPL:</strong> dia 16/04/2019, de 8h \u00e0s 23h.</p>\r\n<p>Al\u00e9m disto, informamos que o Data Center do Senado Federal precisar\u00e1 ser desligado para manuten\u00e7\u00e3o nos sistemas el\u00e9tricos, ocasi\u00e3o em que todos os servi\u00e7os ficar\u00e3o indispon\u00edveis:</p>\r\n<p>Servi\u00e7os Afetados: Toda a Rede Nacional Interlegis, incluindo hospedagem de Produtos. Per\u00edodo: 12h do dia 18/04 (quinta-feira) at\u00e9 \u00e0s 22h de 21/04/2019 (domingo).</p>\r\n<p style=\"text-align: center; \">Agradecemos a compreens\u00e3o de todos!</p>\r\n<p style=\"text-align: center; \">\u00a0</p>", "author_name": "", "version": "1.0", "author_url": "https://www.uba.mg.leg.br/author/comunicacao", "provider_name": " ", "type": "rich"}