{"provider_url": "https://www.uba.mg.leg.br", "title": "COMUNICADO \u2013 ADIAMENTO DE AUDI\u00caNCIA P\u00daBLICA", "html": "<p><span>A C\u00e2mara Municipal de Ub\u00e1 informa que a Audi\u00eancia P\u00fablica sobre Educa\u00e7\u00e3o Patrimonial e Cultural de Ub\u00e1, prevista para ocorrer nesta quinta-feira, 14 de agosto de 2025, foi adiada.</span></p>\r\n<p>A decis\u00e3o se deve \u00e0 impossibilidade de participa\u00e7\u00e3o de autoridades e convidados essenciais para o pleno debate do tema, em raz\u00e3o de compromissos previamente assumidos.</p>\r\n<p>Uma nova data ser\u00e1 divulgada em breve, para que todos possam participar e contribuir com esta importante discuss\u00e3o sobre a preserva\u00e7\u00e3o do nosso patrim\u00f4nio cultural.</p>\r\n<p>C\u00e2mara Municipal de Ub\u00e1,compromisso com a transpar\u00eancia e a participa\u00e7\u00e3o popular.</p>", "author_name": "", "version": "1.0", "author_url": "https://www.uba.mg.leg.br/author/comunicacao", "provider_name": " ", "type": "rich"}