{"provider_url": "https://www.uba.mg.leg.br", "title": "COMUNICADO \u00c0 POPULA\u00c7\u00c3O", "html": "<div data-block=\"true\" data-editor=\"boh5f\" data-offset-key=\"6fq21-0-0\">\r\n<div class=\"_1mf _1mj\" data-offset-key=\"6fq21-0-0\"><span>O Centro de Aten\u00e7\u00e3o ao Cidad\u00e3o (CAC) da C\u00e2mara Municipal de Ub\u00e1 informa que o Servi\u00e7o de Emiss\u00e3o da Carteiras de Identidade est\u00e1 temporariamente indispon\u00edvel. A interrup\u00e7\u00e3o se deve \u00e0 necessidade de ajustes no Sistema de Impress\u00e3o da Prodemge - empresa de tecnologia da informa\u00e7\u00e3o do Governo de Minas Gerais,respons\u00e1vel pela infraestrutura tecnol\u00f3gica na informatiza\u00e7\u00e3o do sistema de identifica\u00e7\u00e3o - buscando a otimiza\u00e7\u00e3o do servi\u00e7o.</span></div>\r\n</div>\r\n<div data-block=\"true\" data-editor=\"boh5f\" data-offset-key=\"bvp3q-0-0\">\r\n<div class=\"_1mf _1mj\" data-offset-key=\"bvp3q-0-0\"><span data-offset-key=\"bvp3q-0-0\"><br data-text=\"true\" /></span></div>\r\n</div>\r\n<div data-block=\"true\" data-editor=\"boh5f\" data-offset-key=\"60e7r-0-0\">\r\n<div class=\"_1mf _1mj\" data-offset-key=\"60e7r-0-0\"><span data-offset-key=\"60e7r-0-0\"> A previs\u00e3o \u00e9 de que o atendimento volte a funcionar na primeira quinzena de janeiro pr\u00f3ximo. As pessoas que tiverem urg\u00eancia na emiss\u00e3o dos documentos devem se dirigir aos Postos de Identifica\u00e7\u00e3o nas cidades de S\u00e3o Geraldo, Ponte Nova, Vi\u00e7osa ou Juiz de Fora. Para mais informa\u00e7\u00f5es, entre em contato com a C\u00e2mara pelo telefone 3539-5000.</span></div>\r\n</div>", "author_name": "", "version": "1.0", "author_url": "https://www.uba.mg.leg.br/author/comunicacao", "provider_name": " ", "type": "rich"}