{"provider_url": "https://www.uba.mg.leg.br", "title": "Comunicado sobre o Pr\u00e9-Enem Social", "html": "<p>A C\u00e2mara Municipal de Ub\u00e1 informa que no pr\u00f3ximo s\u00e1bado, 25 de outubro de 2025, n\u00e3o haver\u00e1 aula do Pr\u00e9-Enem Social.</p>\r\n<p>A pr\u00f3xima aula ser\u00e1 dia 1\u00ba de novembro, sobre Reda\u00e7\u00e3o, de 13h \u00e0s 18h, no plen\u00e1rio Vereador Lincoln Rodrigues Costa, na C\u00e2mara Municipal de Ub\u00e1.</p>\r\n<p>As provas do ENEM est\u00e3o previstas para os dias 9 e 16 de novembro.</p>\r\n<p>Criado em 2015, o Pr\u00e9-Enem Social \u00e9 uma das a\u00e7\u00f5es de maior destaque da C\u00e2mara de Ub\u00e1 na \u00e1rea da educa\u00e7\u00e3o. Ao longo dos anos, j\u00e1 foi realizado em parceria com institui\u00e7\u00f5es como o IFMG e o IF Sudeste MG, e, nos dois \u00faltimos anos com o UNIFAGOC. A iniciativa consolidou-se como instrumento de inclus\u00e3o social e democratiza\u00e7\u00e3o do acesso ao ensino superior, ao oferecer gratuitamente uma prepara\u00e7\u00e3o de qualidade a jovens ubaenses.</p>", "author_name": "", "version": "1.0", "author_url": "https://www.uba.mg.leg.br/author/comunicacao", "provider_name": " ", "type": "rich"}