{"provider_url": "https://www.uba.mg.leg.br", "title": "Confira a tramita\u00e7\u00e3o de projetos na CMU   ", "html": "<p align=\"center\" style=\"text-align: justify; \"><span>Em mais uma sess\u00e3o com participa\u00e7\u00e3o restrita e mantendo as orienta\u00e7\u00f5es de distanciamento social de forma preventiva, os vereadores ubaenses reuniram-se em Plen\u00e1rio nesta segunda-feira (27). Em primeira discuss\u00e3o e vota\u00e7\u00e3o, foi aprovado o projeto de Lei n\u00ba 023/2020, que \u201cAutoriza abertura de cr\u00e9dito especial no valor de R$ 175 mil ao Or\u00e7amento Municipal de 2020, recursos destinados \u00e0 realiza\u00e7\u00e3o de despesas de custeio, no \u00e2mbito da Secretaria Municipal de Obras.</span></p>\r\n<p style=\"text-align: justify; \">A mat\u00e9ria tramita em regime de urg\u00eancia e o presidente da C\u00e2mara, vereador Jorge Custodio Gervasio, marcou reuni\u00e3o extraordin\u00e1ria para 9h da pr\u00f3xima quinta-feira (30), quando o projeto ter\u00e1 sua discuss\u00e3o e vota\u00e7\u00e3o finais.</p>\r\n<p style=\"text-align: justify; \">E, retornando \u00e0 tramita\u00e7\u00e3o ap\u00f3s pedidos de vista concedidos aos vereadores Edeir Pacheco, Alexandre Mendes, Gilson Fazolla, Antero Gomes e Jos\u00e9 Roberto Filgueiras, nas cinco reuni\u00f5es anteriores, o Projeto de Resolu\u00e7\u00e3o n\u00ba 002/2020, que \u201cDisp\u00f5e sobre o Regimento Interno da Escola do Legislativo da C\u00e2mara Municipal de Ub\u00e1\", permaneceu sem aprecia\u00e7\u00e3o plen\u00e1ria. Desta vez, houve solicita\u00e7\u00e3o de vista pela vereadora Ros\u00e2ngela Alfenas, e o texto deve retornar \u00e0 pauta na semana que vem.</p>\r\n<p style=\"text-align: justify; \">\u00a0</p>\r\n<p style=\"text-align: justify; \"><b>Participa\u00e7\u00e3o remota</b></p>\r\n<p style=\"text-align: justify; \">Num procedimento in\u00e9dito no Legislativo Ubaense, o vereador Pastor Darci Pires participou da \u00faltima reuni\u00e3o ordin\u00e1ria de forma remota, ao vivo, por meio de transmiss\u00e3o via internet. O parlamentar \u00e9 idoso e, por pertencer ao grupo de risco para a Covid-19, n\u00e3o \u00e9 aconselh\u00e1vel sua presen\u00e7a f\u00edsica nas sess\u00f5es.</p>", "author_name": "", "version": "1.0", "author_url": "https://www.uba.mg.leg.br/author/comunicacao", "provider_name": " ", "type": "rich"}