{"provider_url": "https://www.uba.mg.leg.br", "title": "Conhecendo o processo legislativo", "html": "<div style=\"text-align: justify; \"><span>Servidores municipais, vereadores do projeto C\u00e2mara da Melhor Idade, pr\u00e9-candidatos a elei\u00e7\u00f5es deste ano e representantes da sociedade em geral marcaram presen\u00e7a no dia 1\u00ba de abril, na palestra \u201cProcesso Legislativo no \u00c2mbito Municipal\u201d, ministrada pelo\u00a0 advogado e assistente de plen\u00e1rio da C\u00e2mara, Alexandre Augusto da Cunha Dini.<br />\u00a0</span></div>\r\n<div dir=\"ltr\">\r\n<p align=\"justify\" style=\"text-align: justify; \">Na oportunidade, o palestrante explicou como s\u00e3o criadas as leis que regem nosso munic\u00edpio, quais s\u00e3o os princ\u00edpios gerais da administra\u00e7\u00e3o p\u00fablica e fez um apanhado sobre os principais assuntos relacionados aos processos legislativos na esfera municipal. \u201cA abordagem deste assunto \u00e9 de fundamental import\u00e2ncia para futuros vereadores para que possam conhecer e cumprir adequadamente as futuras responsabilidades, atribui\u00e7\u00f5es e deveres\u201d, ressaltou Alexandre.</p>\r\n<p align=\"justify\" style=\"text-align: justify; \">Os participantes tamb\u00e9m puderam\u00a0 conhecer as reais fun\u00e7\u00f5es, responsabilidades, incompatibilidades e proibi\u00e7\u00f5es impostas aos vereadores e esclarecer \u00a0d\u00favidas tais como o funcionamento das comiss\u00f5es especiais e suas atividades, as reuni\u00f5es ordin\u00e1rias e extraordin\u00e1rias, etc.</p>\r\n<p align=\"justify\" style=\"text-align: justify; \">Alexandre Dini explicou todo o processo legislativo desde a cria\u00e7\u00e3o do anteprojeto, passando pela leitura em reuni\u00e3o ordin\u00e1ria, a emiss\u00e3o de pareceres pelas comiss\u00f5es competentes at\u00e9 a aprova\u00e7\u00e3o ou rejei\u00e7\u00e3o do projeto de lei, em primeira e em segunda vota\u00e7\u00e3o, o encaminhamento ao Executivo para san\u00e7\u00e3o ou veto, a promulga\u00e7\u00e3o e a vig\u00eancia da lei. Todas os presentes receberam certificado de participa\u00e7\u00e3o.</p>\r\n<p style=\"text-align: justify; \"><strong>Sobre o palestrante</strong></p>\r\n<p align=\"justify\" style=\"text-align: justify; \">Alexandre \u00e9 bacharel em Direito pela Universidade Presidente Ant\u00f4nio Carlos, p\u00f3s-graduado em Gest\u00e3o P\u00fablica Municipal pela UFJF e p\u00f3s-graduado em Direito do Trabalho pela Universidade C\u00e2ndido Mendes. \u00c9 servidor da C\u00e2mara Municipal de Ub\u00e1 na fun\u00e7\u00e3o de Assistente de Plen\u00e1rio.</p>\r\n<p align=\"justify\" style=\"text-align: justify; \">\u00a0</p>\r\n<p align=\"justify\" style=\"text-align: justify; \">\u00a0</p>\r\n</div>", "author_name": "", "version": "1.0", "author_url": "https://www.uba.mg.leg.br/author/informatica", "provider_name": " ", "type": "rich"}