{"provider_url": "https://www.uba.mg.leg.br", "title": "COVID-19:  Ub\u00e1 permanece na Onda Verde pelo Minas Consciente", "html": "<p align=\"center\" style=\"text-align: justify; \"><span>A Prefeitura divulgou em boletim no dia 17 de junho que o munic\u00edpio de Ub\u00e1 e os demais da microrregi\u00e3o permanecem inseridos na macrorregi\u00e3o Sudeste sob a an\u00e1lise do Plano Minas Consciente. Dessa forma, todos continuam classificados na Onda Verde.</span></p>\r\n<p style=\"text-align: justify; \">Em entrevista coletiva em 19 de junho, o prefeito Edson Teixeira Filho informou ter se reunido novamente com o Secret\u00e1rio de Estado da Sa\u00fade e outros prefeitos da regi\u00e3o, por videoconfer\u00eancia, no dia 18. Na oportunidade, segundo o prefeito, o Secret\u00e1rio demonstrou preocupa\u00e7\u00e3o com o recente aumento consider\u00e1vel dos casos de Covid-19 em Minas Gerais, bem como dos \u00f3bitos decorrentes da doen\u00e7a. \u201cO Coronav\u00edrus j\u00e1 atinge mais de 70% do nosso Estado, e o mesmo acontece em Ub\u00e1, onde o avan\u00e7o da Covid acompanha a propor\u00e7\u00e3o estadual, e os casos est\u00e3o espalhados por toda a cidade\u201d, declarou Edson.</p>\r\n<p style=\"text-align: justify; \">Em 10 de junho havia sido divulgada pela Prefeitura a possibilidade de mudan\u00e7a nos crit\u00e9rios de an\u00e1lise do plano Minas Consciente, substituindo a unidade de avalia\u00e7\u00e3o da macrorregi\u00e3o Sudeste para a microrregi\u00e3o de Ub\u00e1. Assim, poder\u00edamos migrar da onda verde para a onda branca. No entanto, de acordo com o prefeito Edson, o Governo do Estado recuou neste sentido, mantendo a classifica\u00e7\u00e3o na onda verde, com a permiss\u00e3o de funcionamento das atividades consideradas essenciais, e elencadas no \u00faltimo decreto municipal, publicado no dia 10.</p>\r\n<p style=\"text-align: justify; \">Questionado sobre a autoriza\u00e7\u00e3o de funcionamento de bares e restaurantes, mantendo-se proibida a abertura de academias e igrejas, o prefeito explicou que o crit\u00e9rio usado obedece ao que prev\u00ea o Minas Consciente para a Onda Verde e que n\u00e3o h\u00e1 previs\u00e3o de quando mudaremos de onda e novas atividades sejam permitidas. Contudo, enfatizou Edson, os estabelecimentos autorizados a funcionar devem seguir as medidas preventivas obrigat\u00f3rias, que constam em decreto, n\u00e3o podendo, no caso dos bares e restaurantes, por exemplo, haver entretenimento ou aglomera\u00e7\u00f5es.</p>\r\n<p style=\"text-align: justify; \">\u201cRestaurantes e bares est\u00e3o entre as atividades liberadas com a finalidade de fornecer principalmente alimentos preparados e n\u00e3o para divers\u00e3o. As pessoas deveriam se cuidar melhor e ter consci\u00eancia de que n\u00e3o \u00e9 momento de sair de casa para se aglomerar em bares. E infelizmente n\u00e3o \u00e9 isso que est\u00e1 acontecendo, o que tende a levar ao aumento de casos de Covid em Ub\u00e1 e fazer com que a Prefeitura precise tomar atitudes mais severas\u201d, lamentou o prefeito. Segundo ele, a Prefeitura vai fiscalizar esses estabelecimentos e, caso seja necess\u00e1rio, as permiss\u00f5es de funcionamento podem retroceder a qualquer momento.</p>\r\n<p style=\"text-align: justify; \">Sobre a possibilidade de lockdown, Edson informou que a situa\u00e7\u00e3o atual n\u00e3o indica ou prev\u00ea que possa haver a necessidade de isolamento total. Por\u00e9m, a cada 14 dias haver\u00e1 nova avalia\u00e7\u00e3o do decreto vigente e qualquer medida vai depender do comportamento da popula\u00e7\u00e3o, do n\u00famero de casos e da capacidade de atendimento do sistema de sa\u00fade.\u00a0</p>\r\n<p style=\"text-align: justify; \">\u00a0</p>\r\n<p style=\"text-align: justify; \">\u00a0</p>", "author_name": "", "version": "1.0", "author_url": "https://www.uba.mg.leg.br/author/comunicacao", "provider_name": " ", "type": "rich"}