{"provider_url": "https://www.uba.mg.leg.br", "title": "CPI da Crise H\u00eddrica apresenta conclus\u00e3o dos trabalhos", "html": "<p><span>O relator da Comiss\u00e3o Parlamentar de Inqu\u00e9rito (CPI) da Crise H\u00eddrica da C\u00e2mara Municipal de Ub\u00e1, vereador Jos\u00e9 Roberto Reis Filgueiras, apresentou, na reuni\u00e3o ordin\u00e1ria de segunda-feira (18), aos demais vereadores da Casa, o relat\u00f3rio final da CPI que apurou as responsabilidades e irregularidades relacionadas \u00e0 crise h\u00eddrica no munic\u00edpio de Ub\u00e1. \"A CPI conclui pela responsabiliza\u00e7\u00e3o das administra\u00e7\u00f5es anteriores por su</span><span class=\"text_exposed_show\">a omiss\u00e3o em rela\u00e7\u00e3o ao meio ambiente e \u00e0s determina\u00e7\u00f5es da Lei Org\u00e2nica, por sua leni\u00eancia ao poder econ\u00f4mico local e \u00e0 Copasa, sem ter feito valer sua condi\u00e7\u00e3o de Poder Concedente\", explicou Filgueiras.</span></p>\r\n<div class=\"text_exposed_show\">\r\n<p>Segundo o relator, o documento conclusivo tamb\u00e9m responsabiliza a Copasa pela mesma omiss\u00e3o em rela\u00e7\u00e3o ao meio ambiente ao longo do tempo e pela insufici\u00eancia de investimentos que teriam evitado os \u00faltimos anos de sofrimento de cento e dez mil cidad\u00e3os.Nos pr\u00f3ximos dias, por meio de Audi\u00eancia P\u00fablica, a Comiss\u00e3o ir\u00e1 apresentar \u00e0 sociedade, o resultado dos trabalhos.</p>\r\n<p>De acordo com o presidente da CPI, vereador Edeir Pacheco da Costa, cada vereador recebeu uma c\u00f3pia do relat\u00f3rio final, para an\u00e1lise, e este entrar\u00e1 em vota\u00e7\u00e3o, na pr\u00f3xima reuni\u00e3o ordin\u00e1ria (25). \"Ap\u00f3s a discuss\u00e3o e aprova\u00e7\u00e3o em plen\u00e1rio, na pr\u00f3xima segunda-feira, a CPI vai marcar uma audi\u00eancia p\u00fablica para apresentar \u00e0 popula\u00e7\u00e3o o relat\u00f3rio final da Comiss\u00e3o, o mais breve poss\u00edvel\", afirmou.</p>\r\n</div>", "author_name": "", "version": "1.0", "author_url": "https://www.uba.mg.leg.br/author/comunicacao", "provider_name": " ", "type": "rich"}