{"provider_url": "https://www.uba.mg.leg.br", "title": "CSPD realiza audi\u00eancia p\u00fablica sobre Gest\u00e3o Plena da Sa\u00fade", "html": "<div>\r\n<div id=\"content\">\r\n<div id=\"content-core\">\r\n<div class=\"plain\" id=\"parent-fieldname-text\">\r\n<p>A\u00a0Comiss\u00e3o de Sa\u00fade, Prote\u00e7\u00e3o Animal e Desenvolvimento Social\u00a0(CSPD)\u00a0da C\u00e2mara Municipal de Ub\u00e1 convida para a audi\u00eancia p\u00fablica sobre Gest\u00e3o Plena da Sa\u00fade,\u00a0 \u00e0s 16h de\u00a0 07 de novembro de 2023, no plen\u00e1rio Vereador Lincoln Rodrigues Costa. Participe!\u00a0</p>\r\n<div></div>\r\n</div>\r\n</div>\r\n<div id=\"viewlet-below-content-body\">\r\n<div class=\"visualClear\"></div>\r\n<div class=\"documentActions\"></div>\r\n</div>\r\n</div>\r\n</div>", "author_name": "", "version": "1.0", "author_url": "https://www.uba.mg.leg.br/author/comunicacao", "provider_name": " ", "type": "rich"}