{"provider_url": "https://www.uba.mg.leg.br", "title": "Eleitos em 2020 s\u00e3o diplomados pela Justi\u00e7a Eleitoral", "html": "<p style=\"text-align: justify; \"><span>Os prefeitos, vices, vereadores e suplentes eleitos nas Elei\u00e7\u00f5es 2020 nos munic\u00edpios de Ub\u00e1, Rodeiro, Guidoval e Pira\u00faba foram diplomados na tarde de quinta-feira (17), em uma cerim\u00f4nia da Justi\u00e7a Eleitoral por videoconfer\u00eancia. O rito \u00e0 dist\u00e2ncia foi coordenado pelo Merit\u00edssimo Juiz Eleitoral da Comarca de Ub\u00e1, Dr. Thiago Brega de Assis, seguindo a orienta\u00e7\u00e3o da Justi\u00e7a, em raz\u00e3o da pandemia de Covid-19.</span></p>\r\n<p style=\"text-align: justify; \">Para atuar na C\u00e2mara Municipal de Ub\u00e1, foram diplomados onze vereadores: Alexandre de Barros Mendes; Aline Moreira Silva Melo; Aparecida S\u00f4nia Ferreira Vidal; C\u00e9lio Lopes dos Santos; Edeir Pacheco da Costa; Gilson Fazolla Filgueiras; Jane Cristina Lacerda Pinto; Jos\u00e9 Carlos Reis Pereira; Jos\u00e9 Damato Neto; Jos\u00e9 Maria Fernandes e Jos\u00e9 Roberto Reis Filgueiras.</p>\r\n<p style=\"text-align: justify; \">A diploma\u00e7\u00e3o \u00e9 o ato pelo qual a Justi\u00e7a Eleitoral atesta que o candidato foi efetivamente eleito pelo povo e, por isso, est\u00e1 apto a tomar posse no cargo. Ela \u00e9 condi\u00e7\u00e3o para a posse dos eleitos, que ser\u00e1 realizada no dia 1\u00ba de janeiro de 2021. Nos diplomas, constam o nome da pessoa, a indica\u00e7\u00e3o do partido ou da coliga\u00e7\u00e3o, o cargo ou a classifica\u00e7\u00e3o como suplente, e outros dados. Eles ser\u00e3o enviados para os endere\u00e7os eletr\u00f4nicos de cada vereador, prefeito e vice, cadastrados junto \u00e0 Justi\u00e7a Eleitoral.</p>", "author_name": "", "version": "1.0", "author_url": "https://www.uba.mg.leg.br/author/comunicacao", "provider_name": " ", "type": "rich"}