{"provider_url": "https://www.uba.mg.leg.br", "title": "Eleitos em  2024 s\u00e3o diplomados pela Justi\u00e7a Eleitoral", "html": "<p>Prefeitos, vice-prefeitos e vereadores eleitos no Pleito de 2024, para exercerem seus cargos de 2025 a 2028, nos munic\u00edpios de Ub\u00e1, Tocantins, Rodeiro e Guidoval foram diplomados na noite de 19 de dezembro, em uma cerim\u00f4nia da Justi\u00e7a Eleitoral, realizada no sal\u00e3o nobre do Col\u00e9gio Sagrado Cora\u00e7\u00e3o de Maria. O rito foi coordenado pelo juiz Eleitoral da ducent\u00e9sima septuag\u00e9sima quinta Zona Eleitoral de Ub\u00e1, dr.Nilo Marques Martins J\u00fanior,</p>\r\n<p>Compuseram a mesa das autoridades, al\u00e9m do dr. Nilo, o promotor Eleitoral, Dr. Bruno Guerra de Oliveira, a chefe do cart\u00f3rio Eleitoral da 275\u00aa Zona Eleitoral de Ub\u00e1, Rog\u00e9ria de Freitas Teixeira, o prefeito de Ub\u00e1, Dr. Edson Teixeira Filho e o presidente da C\u00e2mara Municipal de Ub\u00e1, vereador Jos\u00e9 Roberto Reis Filgueiras.</p>\r\n<p>Para atuar na C\u00e2mara Municipal de Ub\u00e1, foram diplomados quinze vereadores: Alexandre de Barros Mendes; Aline Moreira Silva Melo; Andr\u00e9 Eust\u00e1quio Alves; Ant\u00f4nio Domingos Ximendes Trindade; Aparecida S\u00f4nia Ferreira Vidal; Breno Reis de Oliveira; Edeir Pacheco da Costa; Gilson Fazolla Filgueiras; Jane Cristina Lacerda Pinto; Jos\u00e9 Maria Fernandes; Jos\u00e9 Roberto Reis Filgueiras; Lucas Rufino Zocoli; Paulo Cezar Tavares; Renato Vieira e Samuel Soares da Silva.</p>\r\n<p>Foram diplomados tamb\u00e9m o prefeito eleito Jos\u00e9 Damato Neto, e o vice-prefeito eleito, R\u00f4mulo Silva Rodrigues.</p>\r\n<p>O evento contou com a presen\u00e7a de diversas autoridades, al\u00e9m de familiares e amigos dos eleitos e da imprensa. A\u00a0diploma\u00e7\u00e3o\u00a0\u00e9 o ato pelo qual a Justi\u00e7a Eleitoral atesta que o candidato foi efetivamente eleito pelo povo e, por isso, est\u00e1 apto a tomar posse no cargo. Ela \u00e9 condi\u00e7\u00e3o para a posse dos eleitos, que ser\u00e1 realizada no dia 1\u00ba de janeiro de 2025. No diploma, consta o nome da pessoa diplomada, o partido e o n\u00famero de votos.</p>\r\n<p>A solenidade de posse dos vereadores, prefeito e vice-prefeito de Ub\u00e1, organizada pela C\u00e2mara Municipal de Ub\u00e1, ser\u00e1 realizada no 1\u00ba de janeiro de 2025, \u00e0s 19h, no Ubaense Espa\u00e7o Eventos (CT do Paulo Paschoalino), que fica no Mangueira Rural em Ub\u00e1.</p>\r\n<p>\u00a0</p>", "author_name": "", "version": "1.0", "author_url": "https://www.uba.mg.leg.br/author/comunicacao", "provider_name": " ", "type": "rich"}