{"provider_url": "https://www.uba.mg.leg.br", "title": "Encontro T\u00e9cnico TCE e os Munic\u00edpios \u00e9 realizado em Ub\u00e1", "html": "<p style=\"text-align: justify; \"><span>A s\u00e9tima e \u00faltima edi\u00e7\u00e3o do Encontro T\u00e9cnico o TCEMG e os Munic\u00edpios foi realizada no audit\u00f3rio da Faculdade de Governador Ozanam Coelho (Fagoc), em Ub\u00e1, nos dias 22 e 23 de novembro. O tema \u00e9: \u201cEduca\u00e7\u00e3o, Transpar\u00eancia e Sustentabilidade da Receita P\u00fablica\u201d. O evento foi promovido em parceria com a C\u00e2mara Municipal de Ub\u00e1, Sebrae/MG, Prefeitura de Ub\u00e1 e Superintend\u00eancia Regional de Ensino de Ub\u00e1.</span></p>\r\n<p style=\"text-align: justify; \">Cerca de 300 pessoas, entre prefeitos, presidentes de c\u00e2maras municipais, vereadores, secret\u00e1rios municipais, professores e diretores de escolas p\u00fablicas participam do evento.</p>\r\n<p style=\"text-align: justify; \">Na abertura do encontro compuseram a mesa as seguintes autoridades: a presidente da C\u00e2mara Municipal de Ub\u00e1, vereadora Ros\u00e2ngela Maria Alfenas de Andrade, o presidente conselheiro do Tribunal de Contas do Estado de Minas Gerais, Cl\u00e1udio Couto Terr\u00e3o, o prefeito de Ub\u00e1, Edson Teixeira Filho, o diretor da Superintend\u00eancia Regional de Ensino de Ub\u00e1, Samuel Gazolla Lima, a secret\u00e1ria Municipal de Educa\u00e7\u00e3o, Maria Elizabeth Barros, o juiz e coordenador do Centro Judici\u00e1rio de Solu\u00e7\u00e3o de Conflitos e Cidadania da Comarca de Ub\u00e1, Thiago Brega de Assis, e a analista t\u00e9cnica do Sebrae Minas, L\u00facia\u00a0Neves\u00a0Caiafa.</p>\r\n<p style=\"text-align: justify; \">A m\u00fasica Aquarela do Brasil, de autoria do compositor Ubaense, Ary Barroso, foi executada pelos professores do Conservat\u00f3rio Estadual de M\u00fasica, da cidade de Visconde do Rio Branco, Wagner Candian e Sandro Schiavon.</p>\r\n<p style=\"text-align: justify; \">Na ocasi\u00e3o, o prefeito aproveitou para fazer considera\u00e7\u00f5es a respeito da falta de repasses dos recursos pelo governo do Estado.</p>\r\n<p style=\"text-align: justify; \">A presidente da C\u00e2mara, vereadora Ros\u00e2ngela Maria Alfenas de Andrade, deu as boas-vindas aos visitantes, agradeceu \u00e0 dire\u00e7\u00e3o da Fagoc pela cess\u00e3o do espa\u00e7o e ao Tribunal de Contas do Estado pela louv\u00e1vel a\u00e7\u00e3o de interiorizar o papel educativo da Corte de Contas Mineira, com a capacita\u00e7\u00e3o continuada dos agentes p\u00fablicos municipais.</p>\r\n<p style=\"text-align: justify; \">O presidente conselheiro do Tribunal de Contas do Estado de Minas Gerais, Cl\u00e1udio Couto Terr\u00e3o, alertou sobre a import\u00e2ncia da educa\u00e7\u00e3o na sociedade, principalmente, neste momento em que \u201cvivemos uma crise financeira e civilizat\u00f3ria\u201d. Disse o presidente que, falar de educa\u00e7\u00e3o \u00e9 falar de uma pol\u00edtica de estado. \u201cO direito fundamental a educa\u00e7\u00e3o est\u00e1 previsto no artigo 205 da Constitui\u00e7\u00e3o nos seguintes termos: A educa\u00e7\u00e3o \u00e9 direito de todos e dever do Estado e da fam\u00edlia e ser\u00e1 promovida e incentivada com a colabora\u00e7\u00e3o da sociedade, visando ao pleno desenvolvimento da pessoa e seu preparo para o exerc\u00edcio da cidadania e sua qualifica\u00e7\u00e3o para o trabalho\u201d, destacou.</p>\r\n<p style=\"text-align: justify; \">E acrescentou: \u201cFa\u00e7o um especial agradecimento aos professores que s\u00e3o os grandes semeadores da cultura e dos valores, juntos evidentemente, com a fam\u00edlia. N\u00e3o h\u00e1 sociedade que se desenvolva sem uma estrutura de educa\u00e7\u00e3o adequada\u201d, ressaltou.</p>\r\n<p style=\"text-align: justify; \">HOMENAGEM</p>\r\n<p style=\"text-align: justify; \">O presidente do TCEMG homenageou o professor de Matem\u00e1tica, Geraldo Amintas de Castro Moreira (Guimbo), que leciona Matem\u00e1tica da Escola Estadual Terezinha Pereira, na cidade de Dores do Turvo, h\u00e1 39 anos. Os alunos da escola j\u00e1 foram premiados 318 vezes nas Olimp\u00edadas de Matem\u00e1tica das escolas p\u00fablicas.</p>\r\n<p style=\"text-align: justify; \">\u201cS\u00f3 nesta 14\u00aa edi\u00e7\u00e3o cujo resultado saiu nesta quarta-feira (21), foram mais 25 premia\u00e7\u00f5es. O trabalho \u00e1rduo do professor reflete tamb\u00e9m na evolu\u00e7\u00e3o da escola Terezinha Pereira no IDEB que passou de 2005 com referencial 4, para 2017 com o referencial 5.7\u201d, explicou Cl\u00e1udio Terr\u00e3o.</p>\r\n<p style=\"text-align: justify; \">Conforme o professor Geraldo Amintas a participa\u00e7\u00e3o da escola nas olimp\u00edadas trouxe muito mais do que medalhas. \u201cO que a gente conseguiu com a olimp\u00edada de matem\u00e1tica em Dores do Turvo, al\u00e9m do respeito da comunidade com a escola e da divulga\u00e7\u00e3o do nosso trabalho foi fazer com que um grande n\u00famero de nossos alunos pudesse alcan\u00e7ar voos muito mais altos do que aqueles que a princ\u00edpio n\u00e3o eram previstos para eles, pois, um aluno de escola p\u00fablica no ambiente do sistema educacional brasileiro \u00e9 sem perspectiva, fadado ao insucesso, a completar o ensino m\u00e9dio e ir para fun\u00e7\u00f5es aonde a remunera\u00e7\u00e3o normalmente \u00e9 muito menor do que o desej\u00e1vel para que se possa viver com dignidade\u201d, afirmou.</p>\r\n<p style=\"text-align: justify; \">O assessor da Presid\u00eancia do TCEMG, Pedro Henrique Magalh\u00e3es Azevedo, ministrou a palestra Transpar\u00eancia na Educa\u00e7\u00e3o ou Educa\u00e7\u00e3o na Transpar\u00eancia?. Em seguida o assessor da Diretoria Geral, Paulo Vicente Guimar\u00e3es, falou sobre as Poss\u00edveis solu\u00e7\u00f5es na capacita\u00e7\u00e3o de recursos na educa\u00e7\u00e3o. Ap\u00f3s o intervalo, a servidora Edina Motta abordou o tema Receitas e Despesas na Educa\u00e7\u00e3o, seguida da palestra da coordenadora de fiscaliza\u00e7\u00e3o de Editais de Licita\u00e7\u00e3o, \u00c9rica Apgaua, que falou sobre Compras P\u00fablicas Sustent\u00e1veis na Educa\u00e7\u00e3o. E a analista t\u00e9cnica do Sebrae Minas, L\u00facia\u00a0Neves\u00a0Caiafa abordou o tema: \u201cEduca\u00e7\u00e3o Empreendedora\u201d.</p>\r\n<p style=\"text-align: justify; \"><b>Encerramento do evento</b></p>\r\n<p style=\"text-align: justify; \">Na manh\u00e3 desta sexta-feira (23), no audit\u00f3rio da Fagoc, o coordenador da 2\u00aa Coordenadoria de Fiscaliza\u00e7\u00e3o dos Munic\u00edpios, Paulo Figueiredo, ministrou a palestra Efici\u00eancia na arrecada\u00e7\u00e3o tribut\u00e1ria: a nova fiscaliza\u00e7\u00e3o do TCEMG. Em seguida, a assessora da Presid\u00eancia do TCEMG, Naila Garcia Mourth\u00e9, abordou o tema: Programa na Ponta do L\u00e1pis: avan\u00e7os da fiscaliza\u00e7\u00e3o da educa\u00e7\u00e3o.</p>\r\n<p style=\"text-align: justify; \">E o coordenador de Capacita\u00e7\u00e3o da Escola de Contas e Capacita\u00e7\u00e3o Professor Pedro Aleixo, Henrique Lima Quites, encerrou o encontro com a Apresenta\u00e7\u00e3o das Pesquisas Tem\u00e1ticas na Educa\u00e7\u00e3o.</p>\r\n<p style=\"text-align: justify; \">Realizados desde 2010, os encontros t\u00e9cnicos do Tribunal de Contas de Minas Gerais t\u00eam como principal objetivo capacitar os gestores da \u00e1rea de educa\u00e7\u00e3o, dirigentes de escolas, professores, conselheiros de pol\u00edticas p\u00fablicas, al\u00e9m de gestores municipais das \u00e1reas de controle interno, fazenda e administra\u00e7\u00e3o.</p>\r\n<p style=\"text-align: justify; \">Ub\u00e1 para encerrar os encontros de 2018 do TCEMG, depois de passar por Belo Horizonte, Pouso Alegre, Caratinga, Te\u00f3filo Otoni, Pirapora e Patos de Minas.</p>\r\n<p style=\"text-align: justify; \">\u00a0</p>", "author_name": "", "version": "1.0", "author_url": "https://www.uba.mg.leg.br/author/comunicacao", "provider_name": " ", "type": "rich"}