{"provider_url": "https://www.uba.mg.leg.br", "title": "Escola do Legislativo", "html": "<p style=\"text-align: justify; \">Adaptando-se \u00e0s regras de distanciamento social, as atividades presenciais da Escola do Legislativo (EL) da C\u00e2mara Municipal de Ub\u00e1 (CMU) est\u00e3o suspensas temporariamente. Mas as a\u00e7\u00f5es virtuais continuam, especialmente o que se refere ao Parlamento Jovem (PJ), programa de forma\u00e7\u00e3o pol\u00edtica criado h\u00e1 17 anos pela Assembleia Legislativa de Minas Gerais (ALMG), por meio de sua Escola do Legislativo, cujo tema de 2020 \u00e9 \u201cMeio Ambiente e Desenvolvimento Sustent\u00e1vel\u201d.</p>\r\n<p style=\"text-align: justify; \">Durante os \u00faltimos meses, v\u00e1rios materiais foram compartilhados virtualmente com os estudantes que integram o PJ. Coordenados pelo diretor da EL da CMU, Juliano Nascimento Peixoto Guimar\u00e3es, os membros do Parlamento Jovem Minas-Ub\u00e1 t\u00eam realizado estudos, debates e participado de <i>lives</i>, oficinas e videoconfer\u00eancias pela internet, algumas organizadas pela EL de Ub\u00e1 e outras pela pr\u00f3pria EL da Assembleia.</p>\r\n<p align=\"center\"><b>Reuni\u00f5es virtuais</b><b>\u00a0</b></p>\r\n<p style=\"text-align: justify; \">Em junho, nos dias 9 e 24, a Escola do Legislativo da CMU participou de duas reuni\u00f5es remotas com a gerente-geral da EL da Assembleia, Ruth Schmitz de Castro, o coordenador Estadual do Parlamento Jovem de Minas, Ricardo Moreira, e o professor Ivan Capdeville J\u00fanior, al\u00e9m dos coordenadores do polo Capara\u00f3. Em pauta, o andamento das atividades do Parlamento Jovem em 2020, diante dos desafios impostos pela pandemia de Covid-19, e a discuss\u00e3o de propostas para aprimorar o processo de estudos virtuais.</p>\r\n<p align=\"center\"><b>Oficinas</b></p>\r\n<p style=\"text-align: justify; \">Tamb\u00e9m neste m\u00eas, nos dias 16 e 25, os integrantes do PJ-Ub\u00e1, orientados pelo diretor da EL da CMU, seguiram com a discuss\u00e3o do subtema 1: \u201cMudan\u00e7as clim\u00e1ticas e prote\u00e7\u00e3o da biodiversidade\u201d, em oficinas por videoconfer\u00eancia. Eles falaram sobre o problema ambiental causado pelo lixo e algumas propostas para reduzir a polui\u00e7\u00e3o gerada pelas ind\u00fastrias locais.</p>\r\n<p style=\"text-align: justify; \">No dia 16, as propostas foram compiladas e selecionadas por vota\u00e7\u00e3o para futura apresenta\u00e7\u00e3o ao polo.</p>\r\n<p style=\"text-align: justify; \">J\u00e1 em 25 de junho, os estudantes participaram de oficina online promovida pela C\u00e2mara Municipal de Vi\u00e7osa, com o coordenador do Centro Cultural Ind\u00edgena Paiter Wagoh Pakob, o \u00edndio Gasod\u00e1 Surui. Ele falou sobre pr\u00e1ticas sustent\u00e1veis de desenvolvimento nas aldeias em Rond\u00f4nia: quais os procedimentos dos ind\u00edgenas para a preserva\u00e7\u00e3o ambiental, como \u00e9 feito o corte de \u00e1rvores e como eles se sustentam por meio do cultivo de alimentos para consumo pr\u00f3prio e comercializa\u00e7\u00e3o.</p>\r\n<p style=\"text-align: justify; \">Para as pr\u00f3ximas semanas, outros encontros virtuais est\u00e3o previstos, quando ser\u00e3o discutidos os subtemas 2 e 3, que s\u00e3o, respectivamente: \u201cPr\u00e1ticas sustent\u00e1veis e desenvolvimento econ\u00f4mico\u201d e \u201cRecursos h\u00eddricos e saneamento b\u00e1sico\u201d.</p>", "author_name": "", "version": "1.0", "author_url": "https://www.uba.mg.leg.br/author/comunicacao", "provider_name": " ", "type": "rich"}