{"provider_url": "https://www.uba.mg.leg.br", "title": "Fim do recesso parlamentar", "html": "<p style=\"text-align: justify; \"><span>A C\u00e2mara Municipal de Ub\u00e1 informa que a partir de desta segunda-feira (4), \u00e0s 19h, no plen\u00e1rio do Legislativo, retornam as reuni\u00f5es ordin\u00e1rias. Em pauta, a elei\u00e7\u00e3o das comiss\u00f5es permanentes do Legislativo e a elei\u00e7\u00e3o do novo presidente da Escola do Legislativo.</span></p>", "author_name": "", "version": "1.0", "author_url": "https://www.uba.mg.leg.br/author/comunicacao", "provider_name": " ", "type": "rich"}