{"provider_url": "https://www.uba.mg.leg.br", "title": "Fim do recesso parlamentar", "html": "<p><span>A partir das 19h desta segunda-feira (5), ser\u00e1 realizada a primeira sess\u00e3o ordin\u00e1ria, do segundo per\u00edodo legislativo da C\u00e2mara Municipal de Ub\u00e1, ap\u00f3s o recesso parlamentar, conforme previsto em seu Regimento Interno. Em pauta, al\u00e9m da discuss\u00e3o e vota\u00e7\u00e3o das proposi\u00e7\u00f5es dos vereadores, a primeira discuss\u00e3o e vota\u00e7\u00e3o da seguinte mat\u00e9ria: Projeto de Lei n\u00ba 044/19 que \u201cInstitui a Ficha Limpa Municipal na nomea\u00e7\u00e3o de servidores a cargos comissionados e terceirizados no \u00e2mbito dos Poderes Executivo e Legislativo do Munic\u00edpio de Ub\u00e1 e d\u00e1 outras provid\u00eancias.</span></p>\r\n<p>\u00a0</p>\r\n<p>\u00a0</p>\r\n<p>\u00a0</p>", "author_name": "", "version": "1.0", "author_url": "https://www.uba.mg.leg.br/author/comunicacao", "provider_name": " ", "type": "rich"}