{"provider_url": "https://www.uba.mg.leg.br", "title": "Inclus\u00e3o digital para a comunidade", "html": "<p><span>Uma turma de Inclus\u00e3o Digital foi formada por alunos do Asilo S\u00e3o Vicente de Paulo. A aula foi ministrada pelo assessor da Escola do Legislativo, Luiz Alberto Vargas, com o apoio da servidora da CMU, Diana Pereira, na tarde de sexta-feira (8), na Sala de Inclus\u00e3o Digital Vanda Smatavicius da Silva, na C\u00e2mara Municipal de Ub\u00e1.</span></p>\r\n<p>Para esta ter\u00e7a-feira (12) s\u00e3o aguardados alunos do Centro de Aten\u00e7\u00e3o Psicossocial (Caps AD III), do bairro Caxang\u00e1, para o i<span class=\"text_exposed_show\">n\u00edcio das aulas.</span></p>\r\n<div class=\"text_exposed_show\">\r\n<p>Segundo o diretor da Escola do Legislativo, vereador Edeir Pacheco da Costa, nos pr\u00f3ximos dias ser\u00e3o abertas as inscri\u00e7\u00f5es para a forma\u00e7\u00e3o de novas turmas, para o curso de Inclus\u00e3o Digital. \u201cA ideia nesta etapa do projeto \u00e9 dar a oportunidade a todos de participarem, atendendo ao p\u00fablico idosos, crian\u00e7as e jovens tamb\u00e9m\u201d, concluiu Edeir.</p>\r\n<p>O PROJETO<br />O projeto tem como objetivo principal promover a inclus\u00e3o social de popula\u00e7\u00f5es exclu\u00eddas digitalmente, utilizando as tecnologias da informa\u00e7\u00e3o como instrumento de constru\u00e7\u00e3o e exerc\u00edcio da cidadania.</p>\r\n</div>", "author_name": "", "version": "1.0", "author_url": "https://www.uba.mg.leg.br/author/comunicacao", "provider_name": " ", "type": "rich"}