{"provider_url": "https://www.uba.mg.leg.br", "title": "Inscri\u00e7\u00f5es abertas para o Parlamento Jovem de 2024", "html": "<div class=\"xdj266r x11i5rnm xat24cr x1mh8g0r x1vvkbs x126k92a\">\r\n<div dir=\"auto\">\r\n<p>Est\u00e3o abertas as inscri\u00e7\u00f5es para o Parlamento Jovem 2024 na C\u00e2mara Municipal de Ub\u00e1. O projeto, coordenado pela Escola do Legislativo, integra a participa\u00e7\u00e3o de jovens de todo o ensino m\u00e9dio para debater sobre o tema \"Melhorias no ensino escolar\". A participa\u00e7\u00e3o \u00e9 gratuita e as inscri\u00e7\u00f5es podem ser feitas pelo link: : <a href=\"https://l.facebook.com/l.php?u=https%3A%2F%2Fforms.gle%2FS7Zvx8NhAt5GSEoW6%3Ffbclid%3DIwAR2jG6iqNRFMy3SYGgeuTswP49QbOp_aiKCzkbwwEbY2hpcDGYIAddBOApQ&amp;h=AT35rAronQbSfs3GfF-TNu_sW5Zc8w5RzzfCjBdQ9QPLr7Baj6DJ2EuyQSgwOHUpDPou4hXFE9Gh1zjHPy4pFgzcSynOF6Plczzy92VeTc8e4H24cNjXjP01W6FvyZ7O0Epv&amp;__tn__=-UK-R&amp;c%5b0%5d=AT1y2uUqfO-vGdPLiPQEE1ZsvQFZ5Af9StMJNWLa880GRpBN8PqAi0OwvR4jfRdLqoZpHjWXLTmUyUUCfSL7hNaaWyqZz8kpmHRyEc8BpW3enyoADMSOeRHqPPvGLr6QiQwfrGT2rMpcqsA9p1pITMMUrbgJZF_lh-WXKqAULwaXSeTXk2xjmYN5No9S5oyhhkHOKhCBZC7w\" target=\"_blank\">https://forms.gle/S7Zvx8NhAt5GSEoW6</a> .</p>\r\n<p>\u00a0<span>Nos meses de fevereiro e mar\u00e7o est\u00e3o programas as visitas para mobiliza\u00e7\u00e3o e apresenta\u00e7\u00e3o do projeto Parlamento Jovem, \u00e0s escolas, que est\u00e3o a cargo da diretora da Escola do Legislativo de Ub\u00e1, Amanda Cisneiros.</span></p>\r\n<p>\u00a0<span>O Parlamento Jovem de Minas \u00e9 um projeto de forma\u00e7\u00e3o pol\u00edtica em \u00e2mbito estadual destinado a estudantes do ensino m\u00e9dio dos munic\u00edpios mineiros. Oferece aos jovens uma oportunidade de conhecer melhor a pol\u00edtica e os instrumentos de participa\u00e7\u00e3o no Poder Legislativo municipal e estadual. \u00a0Realizado desde 2004, em parceria com a Escola do Legislativo da Assembleia Legislativa de Minas Gerais (ALMG) e a PUC Minas, por meio do Instituto de Ci\u00eancias Sociais (ICS) e da Pr\u00f3-Reitoria de Extens\u00e3o (Proex), o projeto aborda a cada ano um tema de relev\u00e2ncia social e do interesse dos jovens, a ser trabalhado por meio de diversas atividades de estudo, debates e delibera\u00e7\u00e3o. Ao final, s\u00e3o apresentadas sugest\u00f5es que podem vir a ser acolhidas pelas comiss\u00f5es municipal e estadual de Participa\u00e7\u00e3o Popular e apresentadas na forma de projetos de lei e outras proposi\u00e7\u00f5es.\"</span></p>\r\n<p>O tema de 2024: \"Melhorias no ensino escolar\" foi escolhido durante a Plen\u00e1ria Estadual, que aconteceu em 21 de setembro de 2023, em Belo Horizonte, com a participa\u00e7\u00e3o de 225 estudantes, representando 132 munic\u00edpios mineiros.</p>\r\n<p>\u00a0<span>Ser\u00e3o tr\u00eas subtemas, a fim de que os estudantes se aprofundem no entendimento da tem\u00e1tica: \u201cMelhorias do Ambiente de Ensino-Aprendizagem\u201d; \u201cMelhoria da Aprendizagem e Enfrentamento das Desigualdades Educacionais\u201d e \u201cFortalecimento da Gest\u00e3o Democr\u00e1tica\u201d.</span></p>\r\n<p>\u00a0<span>A C\u00e2mara de Ub\u00e1 completa 09 anos de participa\u00e7\u00e3o em 2024, no PJ da Assembleia Legislativa de Minas Gerais. Para mais informa\u00e7\u00f5es entre em contato com a Escola do Legislativo pelo telefone (32) 35395000.</span></p>\r\n</div>\r\n<div dir=\"auto\"></div>\r\n<div dir=\"auto\">As inscri\u00e7\u00f5es do PJ 2024 j\u00e1 est\u00e3o abertas! Se voc\u00ea est\u00e1 cursando o Ensino M\u00e9dio, fa\u00e7a seu cadastro no link:\u00a0<a class=\"x1i10hfl xjbqb8w x6umtig x1b1mbwd xaqea5y xav7gou x9f619 x1ypdohk xt0psk2 xe8uvvx xdj266r x11i5rnm xat24cr x1mh8g0r xexx8yu x4uap5 x18d9i69 xkhd6sd x16tdsg8 xggy1nq x1a2a7pz xt0b8zv x1heor9g x1bvjpef\" href=\"https://l.facebook.com/l.php?u=https%3A%2F%2Fforms.gle%2FS7Zvx8NhAt5GSEoW6%3Ffbclid%3DIwAR3WpH1cB-KMMV9NGbttO1NsEBjxpmymeiUIo8tbtcVp6R9p7mtbyFdzjD0&amp;h=AT1AQRnTzqiAqffH2ui5PKWJU18CJZBrn7rfXG1G_JSXPBfXOSon5WaYkKG2FawefnyGGYw_QFYoZYpTJo-ZYDw1IgYOYXjo9JxyTj4BjnVx_k00pMVqVZOjqOzTae26B7eJmA\" rel=\"nofollow noreferrer\" tabindex=\"0\" target=\"_blank\">https://forms.gle/S7Zvx8NhAt5GSEoW6</a></div>\r\n</div>\r\n<div class=\"x11i5rnm xat24cr x1mh8g0r x1vvkbs xtlvy1s x126k92a\">\r\n<div dir=\"auto\"></div>\r\n</div>\r\n<div class=\"x11i5rnm xat24cr x1mh8g0r x1vvkbs xtlvy1s x126k92a\"></div>", "author_name": "", "version": "1.0", "author_url": "https://www.uba.mg.leg.br/author/comunicacao", "provider_name": " ", "type": "rich"}