{"provider_url": "https://www.uba.mg.leg.br", "title": "Inscri\u00e7\u00f5es abertas para o Pr\u00e9-Enem Social ", "html": "<p>Est\u00e3o abertas as inscri\u00e7\u00f5es para o\u00a0<a href=\"https://docs.google.com/forms/d/e/1FAIpQLSfp9Oho7lvELZVEQtZf9gA8HKFQc0fq_h5qoEDyrv3hwZX2bA/viewform\" target=\"_blank\">Pr\u00e9-Enem Social 2024</a>,\u00a0projeto gratuito de aulas preparat\u00f3rias para o Exame Nacional do Ensino M\u00e9dio (Enem). Esta \u00e9 uma\u00a0iniciativa fruto da parceria entre o UNIFAGOC\u00a0e a\u00a0Escola do Legislativo da C\u00e2mara Municipal de Ub\u00e1, que busca oferecer suporte educacional e aumentar as chances de aprova\u00e7\u00e3o dos estudantes da regi\u00e3o.</p>\r\n<p>O\u00a0Pr\u00e9-Enem Social 2024\u00a0acontece no formato de \"aul\u00f5es intensivos\", trazendo\u00a0dicas e orienta\u00e7\u00f5es sobre os temas mais comuns cobrados nas provas do Enem. As aulas s\u00e3o no\u00a0plen\u00e1rio da C\u00e2mara Municipal de Ub\u00e1, aos s\u00e1bados e domingos, e ser\u00e3o ministradas nos dias\u00a019 e 20 de outubro, nos hor\u00e1rios de\u00a08h \u00e0s 12h\u00a0e de\u00a013h \u00e0s 17h.</p>\r\n<p>A primeira etapa de estudos j\u00e1 aconteceu nos dias 28 e 29 de setembro.</p>\r\n<p>Quem ainda n\u00e3o garantiu sua vaga, as inscri\u00e7\u00f5es podem ser feitas pelo link\u00a0 <a href=\"https://forms.gle/4Q83xDcRKMaKBs4U6\">https://forms.gle/4Q83xDcRKMaKBs4U6</a> ou pelo telefone 32.3539.5000.</p>", "author_name": "", "version": "1.0", "author_url": "https://www.uba.mg.leg.br/author/comunicacao", "provider_name": " ", "type": "rich"}