{"provider_url": "https://www.uba.mg.leg.br", "title": "Justi\u00e7a Eleitoral de Ub\u00e1 promove videoconfer\u00eancia", "html": "<p style=\"text-align: justify; \">No dia 1\u00ba de julho o Tribunal Regional Eleitoral, por sua 275\u00aa zona eleitoral, realizou videoconfer\u00eancia sobre as elei\u00e7\u00f5es municipais deste ano, sob a coordena\u00e7\u00e3o do juiz Eleitoral da Comarca de Ub\u00e1, Thiago Brega de Assis, do promotor da Justi\u00e7a Eleitoral, Bruno Lana, e da chefe do Cart\u00f3rio Eleitoral local, Rog\u00e9ria de Freitas Teixeira.</p>\r\n<p style=\"text-align: justify; \">Participaram do evento o presidente da C\u00e2mara Municipal de Ub\u00e1, vereador Jorge Custodio Gervasio, o prefeito Edson Teixeira Filho, o procurador-Geral do Munic\u00edpio, Eduardo Rinco, integrantes do Cart\u00f3rio Eleitoral de Ub\u00e1, advogados e representantes do Poder P\u00fablico das cidades de Guidoval e Pira\u00faba.</p>\r\n<p style=\"text-align: justify; \">Em pauta, o adiamento e os novos prazos das elei\u00e7\u00f5es municipais de 2020, as condutas vedadas aos agentes pol\u00edticos, propaganda eleitoral e institucional, utiliza\u00e7\u00e3o de ve\u00edculos municipais no per\u00edodo das elei\u00e7\u00f5es, desincompatibiliza\u00e7\u00e3o de determinado cargo ou fun\u00e7\u00e3o, gastos com publicidade institucional pelos \u00f3rg\u00e3os p\u00fablicos, inaugura\u00e7\u00e3o de obras e cess\u00e3o de bens, entre outros assuntos relacionados ao pleito.</p>", "author_name": "", "version": "1.0", "author_url": "https://www.uba.mg.leg.br/author/comunicacao", "provider_name": " ", "type": "rich"}