{"provider_url": "https://www.uba.mg.leg.br", "title": "Lan\u00e7ado oficialmente o Parlamento Jovem de Ub\u00e1 de 2021", "html": "<p style=\"text-align: justify; \">A Escola do Legislativo da C\u00e2mara Municipal de Ub\u00e1 (CMU) realizou em 30 de abril, no plen\u00e1rio Vereador Lincoln Rodrigues Costa, o lan\u00e7amento oficial do Parlamento Jovem (PJ) de Ub\u00e1, edi\u00e7\u00e3o 2021. O presidente da CMU, vereador Jos\u00e9 Roberto Reis Filgueiras, recepcionou os estudantes e o palestrante, o engenheiro Agr\u00edcola e gerente de Agricultura e Meio Ambiente da Prefeitura de Ub\u00e1, Ant\u00f4nio Gon\u00e7alves do Amaral.\u00a0</p>\r\n<p style=\"text-align: justify; \">Tamb\u00e9m acompanhou o evento, representando a Unidade de Gest\u00e3o de Projeto (UGP) do Programa de Pagamento por Servi\u00e7os Ambientais (PSA) e revitaliza\u00e7\u00e3o de microbacias do munic\u00edpio de Ub\u00e1, Maria da Gra\u00e7a Fernandes Rino.</p>\r\n<p style=\"text-align: justify; \">Na abertura do evento, o presidente da C\u00e2mara destacou: \u201cEste, com certeza, \u00e9 mais um meio de aproxima\u00e7\u00e3o entre o Poder Legislativo Municipal e a sociedade. Um importante projeto que contribui para a forma\u00e7\u00e3o pol\u00edtica dos jovens e para incentivar o exerc\u00edcio da cidadania. Parabenizo e agrade\u00e7o a cada um de voc\u00eas pela participa\u00e7\u00e3o no projeto\u201d, disse Jos\u00e9 Roberto.</p>\r\n<p style=\"text-align: justify; \">O presidente da EL, vereador Edeir Pacheco da Costa, justificou a sua aus\u00eancia por motivo de sa\u00fade e parabenizou os estudantes. \u201cQuero agradecer a todos por aceitarem o desafio de participar desta edi\u00e7\u00e3o do Parlamento Jovem para juntos discutirmos o tema: meio ambiente e Desenvolvimento Sustent\u00e1vel. Precisamos conscientizar sobre a import\u00e2ncia de desenvolver atitudes sustent\u00e1veis no dia a dia, como: a redu\u00e7\u00e3o, a reutiliza\u00e7\u00e3o e a reciclagem de materiais que causam impactos negativos no meio ambiente\u201d, ressaltou.</p>\r\n<p style=\"text-align: justify; \">A estudante Sara Olympio, que integrou a edi\u00e7\u00e3o do parlamento Jovem de 2019, contou, por meio de v\u00eddeo, um pouco sobre o programa na pr\u00e1tica e relatou a import\u00e2ncia da participa\u00e7\u00e3o da juventude na pol\u00edtica.</p>\r\n<p style=\"text-align: justify; \">INTEGRANTES DO PJ UB\u00c1 - 2021</p>\r\n<p style=\"text-align: justify; \">Este ano, participam do Parlamento Jovem de Ub\u00e1 os seguintes estudantes: Andressa da Silva Oliveira; Camilly Gerheim; Cezar Dias Pereira de Souza; Davi Lengruber Aguiar; Isabela Cristina; Isabela de Souza Bas\u00edlio; Manuela Lima Brito; Samuel Magalh\u00e3es Brand\u00e3o Marcato; Sarah Bragine; Sthefanny Coutinho;Tiago Cal\u00e7ado; Denner Batalha Juliani; Gustavo Elias Soares Rusa; Henzo Oliveira Cruz; Maria Clara Costa Cruz; Maria Luisa Melo Abrantes e Rafael Costa.</p>\r\n<p style=\"text-align: justify; \">\u00a0</p>\r\n<p style=\"text-align: justify; \">PSA COMO INSTRUMENTO PARA O DESENVOLVIMENTO SUSTENT\u00c1VEL DE MUNIC\u00cdPIOS DA ZONA DA MATA</p>\r\n<p style=\"text-align: justify; \">Dentro do tema \u201cDesenvolvimento Sustent\u00e1vel, o Programa de Pagamento por Servi\u00e7os Ambientais (PSA) no munic\u00edpio de Ub\u00e1\u201d, o palestrante Ant\u00f4nio Gon\u00e7alves do Amaral destacou: \u201cO Desenvolvimento Sustent\u00e1vel \u00e9 um tema muito amplo. Precisamos ter uma vis\u00e3o geral e identificar o que estamos fazendo na pr\u00e1tica. O PSA \u00e9 um instrumento econ\u00f4mico que, seguindo o princ\u00edpio \u2018provedor-recebedor\u2019, recompensa e incentiva, por meio da transfer\u00eancia de recursos (monet\u00e1rios ou n\u00e3o), produtores rurais que ajudam a conservar ou produzir servi\u00e7os ambientais ou ecossist\u00eamicos, melhorando a rentabilidade das atividades de prote\u00e7\u00e3o e uso sustent\u00e1vel de recursos naturais\u201d, explicou Ant\u00f4nio.</p>\r\n<p style=\"text-align: justify; \">Ainda conforme Ant\u00f4nio, o PSA de Ub\u00e1 foi criado em 2018 e j\u00e1 conta com 97 produtores rurais contratados, inseridos na APA Miragaia (bacias hidrogr\u00e1ficas \u00e0 montante das duas capta\u00e7\u00f5es de \u00e1gua para abastecimento da popula\u00e7\u00e3o) e em outras bacias do munic\u00edpio, exceto as bacias do Rio Doce. Os produtores recebem pelos servi\u00e7os de revitaliza\u00e7\u00e3o, conserva\u00e7\u00e3o e prote\u00e7\u00e3o ambiental executados em uma \u00e1rea de aproximadamente 280 hectares.</p>\r\n<p style=\"text-align: justify; \">PJ MINAS</p>\r\n<p style=\"text-align: justify; \">O PJ Minas \u00e9 um programa de forma\u00e7\u00e3o de estudantes do ensino m\u00e9dio que proporciona aos jovens uma oportunidade de conhecer melhor a pol\u00edtica e os instrumentos de participa\u00e7\u00e3o no Poder Legislativo Municipal e Estadual.</p>\r\n<p style=\"text-align: justify; \">A cada ano, um tema de relev\u00e2ncia social e do interesse dos jovens \u00e9 trabalhado por meio de diversas atividades de estudo, oficinas, debates e delibera\u00e7\u00f5es que permitem a viv\u00eancia e o aprofundamento do assunto. O programa \u00e9 promovido pela ALMG (Assembleia Legislativa de Minas Gerais), por meio da Escola do Legislativo, em parceria com as c\u00e2maras municipais e a PUC Minas.</p>\r\n<p style=\"text-align: justify; \">A tem\u00e1tica atual \u00e9 Meio Ambiente e Desenvolvimento Sustent\u00e1vel. Os subtemas que orientam os estudos e debates s\u00e3o: Mudan\u00e7as clim\u00e1ticas e prote\u00e7\u00e3o da biodiversidade; Pr\u00e1ticas sustent\u00e1veis e desenvolvimento econ\u00f4mico e Recursos h\u00eddricos e saneamento b\u00e1sico.</p>", "author_name": "", "version": "1.0", "author_url": "https://www.uba.mg.leg.br/author/comunicacao", "provider_name": " ", "type": "rich"}