{"provider_url": "https://www.uba.mg.leg.br", "title": "Legislativo aprova Or\u00e7amento do Munic\u00edpio para 2021", "html": "<p align=\"center\" style=\"text-align: justify; \">\u00a0</p>\r\n<p align=\"center\" style=\"text-align: justify; \"><span>Os vereadores de Ub\u00e1 aprovaram por unanimidade, no dia 21 de dezembro, em reuni\u00f5es ordin\u00e1ria e extraordin\u00e1ria, a Lei Or\u00e7ament\u00e1ria Anual (LOA) do munic\u00edpio. O Projeto de Lei n\u00ba 74/2020, que estabelece a proposta or\u00e7ament\u00e1ria, estimando as receitas e fixando as despesas para o exerc\u00edcio de 2021, \u00e9 de iniciativa privativa do Poder Executivo e tramitava na C\u00e2mara desde o m\u00eas de setembro, per\u00edodo em que foi discutido pelas comiss\u00f5es parlamentares permanentes e recebeu os respectivos pareceres.</span></p>\r\n<p style=\"text-align: justify; \">Antes da vota\u00e7\u00e3o, tamb\u00e9m foi realizada audi\u00eancia p\u00fablica pela Comiss\u00e3o de Or\u00e7amento, Finan\u00e7as e Tomada de Contas (COFTC), com a participa\u00e7\u00e3o de secret\u00e1rios e t\u00e9cnicos da prefeitura para discutir diversos pontos do projeto de lei, explicar dados e esclarecer d\u00favidas dos vereadores.</p>\r\n<p style=\"text-align: justify; \">A mat\u00e9ria recebeu ao todo mais de cem emendas, tamb\u00e9m aprovadas por unanimidade, sendo cinco emendas modificativas e cem emendas impositivas, de autoria dos 11 vereadores da C\u00e2mara Municipal de Ub\u00e1 (CMU), conforme detalhado no quadro a seguir.</p>\r\n<p style=\"text-align: justify; \">Nas emendas, os parlamentares apontaram onde desejavam que fossem feitos investimentos e informaram qual dota\u00e7\u00e3o seria utilizada para isso, ou seja, de onde viria o recurso para que o apontamento fosse concretizado. O Poder Legislativo n\u00e3o pode criar novas despesas al\u00e9m dos limites estipulados, podendo, sim, remanej\u00e1-las.</p>\r\n<p style=\"text-align: justify; \">Em raz\u00e3o da promulga\u00e7\u00e3o da Emenda n\u00b0 21 \u00e0 Lei Org\u00e2nica Municipal, de 16 de julho de 2020, as emendas parlamentares tornaram-se impositivas, sendo obrigat\u00f3ria sua execu\u00e7\u00e3o, no limite de 1,2% da receita corrente l\u00edquida prevista no projeto encaminhado pelo Executivo, sendo que metade (0,6%) deste percentual deve se destinar a a\u00e7\u00f5es e servi\u00e7os p\u00fablicos de sa\u00fade, conforme o par\u00e1grafo 9\u00b0 do artigo 166 da Constitui\u00e7\u00e3o Federal.</p>\r\n<p style=\"text-align: justify; \">A \u00edntegra do projeto e as emendas aprovadas est\u00e3o dispon\u00edveis para consulta no site da CMU, pesquisando-se pelo Projeto de Lei n\u00ba 74/2020, em Processo Legislativo \u2013 Proposi\u00e7\u00f5es.</p>\r\n<p style=\"text-align: justify; \"><b>O que \u00e9 a Lei Or\u00e7ament\u00e1ria?</b></p>\r\n<p style=\"text-align: justify; \">A Lei Or\u00e7ament\u00e1ria (ou simplesmente or\u00e7amento) \u00e9 a lei na qual a Prefeitura Municipal especifica onde e como ir\u00e1 investir os recursos p\u00fablicos, e deve ser votada at\u00e9 o final de cada ano. Ali, ainda est\u00e3o descritas as expectativas de arrecada\u00e7\u00e3o e despesas do ano seguinte. Para 2021, o Executivo prev\u00ea uma arrecada\u00e7\u00e3o de R$304.265.000,00 para Ub\u00e1 e fixa a despesa em igual valor.</p>\r\n<p style=\"text-align: justify; \">Ap\u00f3s a aprova\u00e7\u00e3o plen\u00e1ria, o PL 74/2020, com as respectivas emendas, seguiu para a san\u00e7\u00e3o do Poder Executivo.</p>\r\n<p style=\"text-align: justify; \">\u00a0</p>\r\n<p style=\"text-align: justify; \"><b>Emendas Parlamentares \u00e0\u00a0LOA\u00a0\u2013 2021:</b></p>\r\n<table>\r\n<tbody>\r\n<tr>\r\n<td colspan=\"2\">\r\n<p align=\"center\"><b>ADEMIR DE PAULA FIRMIANO (SUPLENTE) \u2013 PASTOR DARCI PIRES DA SILVA (TITULAR)</b></p>\r\n</td>\r\n</tr>\r\n<tr>\r\n<td>\r\n<p align=\"center\"><b>EMENDA - DESTINA\u00c7\u00c3O</b></p>\r\n</td>\r\n<td>\r\n<p align=\"center\"><b>VALOR</b></p>\r\n</td>\r\n</tr>\r\n<tr>\r\n<td>\r\n<p>Associa\u00e7\u00e3o Beneficente Cat\u00f3lica \u2013 Hospital Santa Isabel</p>\r\n</td>\r\n<td>\r\n<p align=\"center\">R$ 65.000,00</p>\r\n</td>\r\n</tr>\r\n<tr>\r\n<td>\r\n<p>Irmandade Nossa Senhora da Sa\u00fade \u2013 Hospital S\u00e3o Vicente de Paulo</p>\r\n</td>\r\n<td>\r\n<p align=\"center\">R$ 53.000,00</p>\r\n</td>\r\n</tr>\r\n<tr>\r\n<td>\r\n<p>Associa\u00e7\u00e3o de Artes Marciais Zona da Mata</p>\r\n</td>\r\n<td>\r\n<p align=\"center\">R$ 10.000,00</p>\r\n</td>\r\n</tr>\r\n<tr>\r\n<td>\r\n<p>Sociedade Beneficente An\u00e1lia Franco</p>\r\n</td>\r\n<td>\r\n<p align=\"center\">R$ 50.000,00</p>\r\n</td>\r\n</tr>\r\n<tr>\r\n<td>\r\n<p>Associa\u00e7\u00e3o Ubaense de Parapl\u00e9gicos</p>\r\n</td>\r\n<td>\r\n<p align=\"center\">R$10.000,00</p>\r\n</td>\r\n</tr>\r\n<tr>\r\n<td>\r\n<p>Desafio Jovem Ub\u00e1 - DEJUB</p>\r\n</td>\r\n<td>\r\n<p align=\"center\">R$30.000,00</p>\r\n</td>\r\n</tr>\r\n<tr>\r\n<td>\r\n<p>Academia de Capoeira Garra Mineira</p>\r\n</td>\r\n<td>\r\n<p align=\"center\">R$ 10.000,00</p>\r\n</td>\r\n</tr>\r\n<tr>\r\n<td>\r\n<p>Grupo de Apoio ao Paciente de C\u00e2ncer - GRAPAC</p>\r\n</td>\r\n<td>\r\n<p align=\"center\">R$ 24.000,00</p>\r\n</td>\r\n</tr>\r\n<tr>\r\n<td>\r\n<p>Asilo S\u00e3o Vicente de Paulo</p>\r\n</td>\r\n<td>\r\n<p align=\"center\">R$ 34.000,00</p>\r\n</td>\r\n</tr>\r\n<tr>\r\n<td>\r\n<p>Sociedade Ubaense de Artes e Of\u00edcios</p>\r\n</td>\r\n<td>\r\n<p align=\"center\">R$ 10.000,00</p>\r\n</td>\r\n</tr>\r\n</tbody>\r\n</table>\r\n<p>\u00a0</p>\r\n<table>\r\n<tbody>\r\n<tr>\r\n<td colspan=\"2\">\r\n<p align=\"center\"><b>ALEXANDRE DE BARROS MENDES</b></p>\r\n</td>\r\n</tr>\r\n<tr>\r\n<td>\r\n<p align=\"center\"><b>EMENDA - DESTINA\u00c7\u00c3O</b></p>\r\n</td>\r\n<td>\r\n<p align=\"center\"><b>VALOR</b></p>\r\n</td>\r\n</tr>\r\n<tr>\r\n<td>\r\n<p>Reforma da Pra\u00e7a Dr. Heitor Peixoto Toledo, na Col\u00f4nia Padre Dami\u00e3o</p>\r\n</td>\r\n<td>\r\n<p align=\"center\">R$ 4.000,00</p>\r\n</td>\r\n</tr>\r\n<tr>\r\n<td>\r\n<p>Instala\u00e7\u00e3o de ilumina\u00e7\u00e3o na Pra\u00e7a Dr. Heitor Peixoto Toledo, na Col\u00f4nia Padre Dami\u00e3o</p>\r\n</td>\r\n<td>\r\n<p align=\"center\">R$ 53.000,00</p>\r\n</td>\r\n</tr>\r\n<tr>\r\n<td>\r\n<p>Reforma da Pra\u00e7a Sebasti\u00e3o Machado de Oliveira, no bairro Canto do C\u00e9u</p>\r\n</td>\r\n<td>\r\n<p align=\"center\">R$ 16.000,00</p>\r\n</td>\r\n</tr>\r\n<tr>\r\n<td>\r\n<p>Instala\u00e7\u00e3o de ilumina\u00e7\u00e3o na Pra\u00e7a Sebasti\u00e3o Machado de Oliveira, no Bairro Canto do C\u00e9u</p>\r\n</td>\r\n<td>\r\n<p align=\"center\">R$ 4.000,00</p>\r\n</td>\r\n</tr>\r\n<tr>\r\n<td>\r\n<p>Instala\u00e7\u00e3o de Academia ao ar livre na quadra poliesportiva do Bairro S\u00e3o Domingos</p>\r\n</td>\r\n<td>\r\n<p align=\"center\">R$18.000,00</p>\r\n</td>\r\n</tr>\r\n<tr>\r\n<td>\r\n<p>Instala\u00e7\u00e3o de Academia ao ar livre entre a R. Dr. Adjalme Martins Carneiro e R. Farmac\u00eautico Jonatas de Azevedo</p>\r\n</td>\r\n<td>\r\n<p align=\"center\">R$18.000,00</p>\r\n</td>\r\n</tr>\r\n<tr>\r\n<td>\r\n<p>Instala\u00e7\u00e3o de Academia ao ar livre no Bairro Liga\u00e7\u00e3o</p>\r\n</td>\r\n<td>\r\n<p align=\"center\">R$ 18.000,00</p>\r\n</td>\r\n</tr>\r\n<tr>\r\n<td>\r\n<p>Aquisi\u00e7\u00e3o de equipamentos para o Posto de Sa\u00fade da Col\u00f4nia Padre Dami\u00e3o</p>\r\n</td>\r\n<td>\r\n<p align=\"center\">R$ 13.000,00</p>\r\n</td>\r\n</tr>\r\n<tr>\r\n<td>\r\n<p>Associa\u00e7\u00e3o Beneficente Cat\u00f3lica \u2013 Hospital Santa Isabel</p>\r\n</td>\r\n<td>\r\n<p align=\"center\">R$ 20.000,00</p>\r\n</td>\r\n</tr>\r\n<tr>\r\n<td>\r\n<p>Aquisi\u00e7\u00e3o de ve\u00edculo para a Se\u00e7\u00e3o de Transportes Assistenciais da Prefeitura de Ub\u00e1</p>\r\n</td>\r\n<td>\r\n<p align=\"center\">R$ 50.000,00</p>\r\n</td>\r\n</tr>\r\n<tr>\r\n<td>\r\n<p>Coloca\u00e7\u00e3o de dois postes de ilumina\u00e7\u00e3o p\u00fablica na Comunidade da Boa Sorte</p>\r\n</td>\r\n<td>\r\n<p align=\"center\">R$ 6.040,00</p>\r\n</td>\r\n</tr>\r\n<tr>\r\n<td>\r\n<p>Asfaltamento de dez ruas projetadas da Col\u00f4nia Padre Dami\u00e3o (128 metros)</p>\r\n</td>\r\n<td>\r\n<p align=\"center\">R$ 54.000,00</p>\r\n</td>\r\n</tr>\r\n<tr>\r\n<td>\r\n<p>Associa\u00e7\u00e3o de Pais e Amigos dos Excepcionais (Apae)</p>\r\n</td>\r\n<td>\r\n<p align=\"center\">R$ 4.500,00</p>\r\n</td>\r\n</tr>\r\n<tr>\r\n<td>\r\n<p>N\u00facleo Regional de Volunt\u00e1rios no Combate ao C\u00e2ncer - NRVCC</p>\r\n</td>\r\n<td>\r\n<p align=\"center\">R$ 4.500,00</p>\r\n</td>\r\n</tr>\r\n</tbody>\r\n</table>\r\n<p>\u00a0</p>\r\n<table>\r\n<tbody>\r\n<tr>\r\n<td colspan=\"2\">\r\n<p align=\"center\"><b>ANTERO GOMES DE AGUIAR</b></p>\r\n</td>\r\n</tr>\r\n<tr>\r\n<td>\r\n<p align=\"center\"><b>EMENDA - DESTINA\u00c7\u00c3O</b></p>\r\n</td>\r\n<td>\r\n<p align=\"center\"><b>VALOR</b></p>\r\n</td>\r\n</tr>\r\n<tr>\r\n<td>\r\n<p>Asfaltamento de 142 metros da Rua Edgard Lemos Duarte, Bairro Os\u00e9as Maranh\u00e3o</p>\r\n</td>\r\n<td>\r\n<p align=\"center\">R$ 72.000,00</p>\r\n</td>\r\n</tr>\r\n<tr>\r\n<td>\r\n<p>Asfaltamento de 151 metros da Rua Jos\u00e9 Lemos Duarte, Bairro Ose\u00e1s Maranh\u00e3o</p>\r\n</td>\r\n<td>\r\n<p align=\"center\">R$ 76.100,00</p>\r\n</td>\r\n</tr>\r\n<tr>\r\n<td>\r\n<p>Associa\u00e7\u00e3o Beneficente Cat\u00f3lica \u2013 Hospital Santa Isabel</p>\r\n</td>\r\n<td>\r\n<p align=\"center\">R$ 100.000,00</p>\r\n</td>\r\n</tr>\r\n<tr>\r\n<td>\r\n<p>Irmandade Nossa Senhora da Sa\u00fade \u2013 Hospital S\u00e3o Vicente de Paulo</p>\r\n</td>\r\n<td>\r\n<p align=\"center\">R$ 48.109,00</p>\r\n</td>\r\n</tr>\r\n</tbody>\r\n</table>\r\n<p>\u00a0</p>\r\n<table>\r\n<tbody>\r\n<tr>\r\n<td colspan=\"2\">\r\n<p align=\"center\"><b>EDVAR MIQUELITO (SUPLENTE) \u2013 EDEIR PACHECO DA COSTA (TITULAR)</b></p>\r\n</td>\r\n</tr>\r\n<tr>\r\n<td>\r\n<p align=\"center\"><b>EMENDA - DESTINA\u00c7\u00c3O</b></p>\r\n</td>\r\n<td>\r\n<p align=\"center\"><b>VALOR</b></p>\r\n</td>\r\n</tr>\r\n<tr>\r\n<td>\r\n<p>Asfaltamento de 40 metros da Rua Lilina Rinaldi, Bairro Primavera</p>\r\n</td>\r\n<td>\r\n<p align=\"center\">R$ 23.500,00</p>\r\n</td>\r\n</tr>\r\n<tr>\r\n<td>\r\n<p>Asfaltamento de 25 metros da Rua Projetada, Bairro Palmeiras</p>\r\n</td>\r\n<td>\r\n<p align=\"center\">R$ 10.500,00</p>\r\n</td>\r\n</tr>\r\n<tr>\r\n<td>\r\n<p>Cal\u00e7amento de 80 metros da Rua Projetada, Bairro Aeroporto</p>\r\n</td>\r\n<td>\r\n<p align=\"center\">R$ 16.800,00</p>\r\n</td>\r\n</tr>\r\n<tr>\r\n<td>\r\n<p>Cal\u00e7amento de 30 metros da Rua Projetada, Bairro Citt\u00e1 de Lucca</p>\r\n</td>\r\n<td>\r\n<p align=\"center\">R$ 5.000,00</p>\r\n</td>\r\n</tr>\r\n<tr>\r\n<td>\r\n<p>Asfaltamento de 180 metros da Rua Jos\u00e9 Costa Marques, Bairro Ponte Preta</p>\r\n</td>\r\n<td>\r\n<p align=\"center\">R$ 75.600,00</p>\r\n</td>\r\n</tr>\r\n<tr>\r\n<td>\r\n<p>Instala\u00e7\u00e3o de um poste de ilumina\u00e7\u00e3o p\u00fablica na Rua Projetada, Bairro Palmeiras</p>\r\n</td>\r\n<td>\r\n<p align=\"center\">R$ 3.020,00</p>\r\n</td>\r\n</tr>\r\n<tr>\r\n<td>\r\n<p>Instala\u00e7\u00e3o de tr\u00eas postes de Ilumina\u00e7\u00e3o p\u00fablica na Rua Projetada, Bairro Aeroporto</p>\r\n</td>\r\n<td>\r\n<p align=\"center\">R$ 9.060,00</p>\r\n</td>\r\n</tr>\r\n<tr>\r\n<td>\r\n<p>Associa\u00e7\u00e3o de Artes Marciais Zona da Mata</p>\r\n</td>\r\n<td>\r\n<p align=\"center\">R$ 2.000,00</p>\r\n</td>\r\n</tr>\r\n<tr>\r\n<td>\r\n<p>Associa\u00e7\u00e3o Beneficente Cat\u00f3lica \u2013 Hospital Santa Isabel</p>\r\n</td>\r\n<td>\r\n<p align=\"center\">R$ 148.109,00</p>\r\n</td>\r\n</tr>\r\n</tbody>\r\n</table>\r\n<p>\u00a0</p>\r\n<table>\r\n<tbody>\r\n<tr>\r\n<td colspan=\"2\">\r\n<p align=\"center\"><b>GILSON FAZOLLA FILGUEIRAS</b></p>\r\n</td>\r\n</tr>\r\n<tr>\r\n<td>\r\n<p align=\"center\"><b>EMENDA - DESTINA\u00c7\u00c3O</b></p>\r\n</td>\r\n<td>\r\n<p align=\"center\"><b>VALOR</b></p>\r\n</td>\r\n</tr>\r\n<tr>\r\n<td>\r\n<p>Instala\u00e7\u00e3o de 45 manilhas de 60 cm na Rua Jade, Bairro Santa Rosa</p>\r\n</td>\r\n<td>\r\n<p align=\"center\">R$ 3.440,00</p>\r\n</td>\r\n</tr>\r\n<tr>\r\n<td>\r\n<p>Instala\u00e7\u00e3o de 50 manilhas de 60 cm na Av. Dr. Heitor Peixoto Toledo, Col\u00f4nia Padre Dami\u00e3o</p>\r\n</td>\r\n<td>\r\n<p align=\"center\">R$ 3.930,00</p>\r\n</td>\r\n</tr>\r\n<tr>\r\n<td>\r\n<p>Instala\u00e7\u00e3o de tr\u00eas lumin\u00e1rias em postes na Comunidade do Emboque</p>\r\n</td>\r\n<td>\r\n<p align=\"center\">R$ 1.900,00</p>\r\n</td>\r\n</tr>\r\n<tr>\r\n<td>\r\n<p>Liga Atl\u00e9tica Ubaense</p>\r\n</td>\r\n<td>\r\n<p align=\"center\">R$ 15.000,00</p>\r\n</td>\r\n</tr>\r\n<tr>\r\n<td>\r\n<p>Instala\u00e7\u00e3o de 55 manilhas de 60 cm na Comunidade da Cachoeirinha, na Barrinha</p>\r\n</td>\r\n<td>\r\n<p align=\"center\">R$ 4.330,00</p>\r\n</td>\r\n</tr>\r\n<tr>\r\n<td>\r\n<p>Asfaltamento de 105 metros da Rua Jos\u00e9 Rinaldi, Bairro Cibraci</p>\r\n</td>\r\n<td>\r\n<p align=\"center\">R$ 44.400,00</p>\r\n</td>\r\n</tr>\r\n<tr>\r\n<td>\r\n<p>Cal\u00e7amento de 20 metros da Rua S\u00e3o Sebasti\u00e3o, Bairro S\u00e3o Sebasti\u00e3o</p>\r\n</td>\r\n<td>\r\n<p align=\"center\">R$ 5.000,00</p>\r\n</td>\r\n</tr>\r\n<tr>\r\n<td>\r\n<p>Asfaltamento de 168 metros da Rua S\u00e3o Sebasti\u00e3o, Bairro S\u00e3o Sebasti\u00e3o</p>\r\n</td>\r\n<td>\r\n<p align=\"center\">R$ 65.000,00</p>\r\n</td>\r\n</tr>\r\n<tr>\r\n<td>\r\n<p>Departamento de Assist\u00eancia Social Lar Jo\u00e3o de Freitas</p>\r\n</td>\r\n<td>\r\n<p align=\"center\">R$ 5.000,00</p>\r\n</td>\r\n</tr>\r\n<tr>\r\n<td>\r\n<p>Instala\u00e7\u00e3o de rede el\u00e9trica na Rua Wilson Campos, Bairro Mangueira Rural</p>\r\n</td>\r\n<td>\r\n<p align=\"center\">R$ 5.000,00</p>\r\n</td>\r\n</tr>\r\n<tr>\r\n<td>\r\n<p>Associa\u00e7\u00e3o Beneficente Cat\u00f3lica \u2013 Hospital Santa Isabel</p>\r\n</td>\r\n<td>\r\n<p align=\"center\">R$ 108.000,00</p>\r\n</td>\r\n</tr>\r\n<tr>\r\n<td>\r\n<p>Irmandade Nossa Senhora da Sa\u00fade \u2013 Hospital S\u00e3o Vicente de Paulo</p>\r\n</td>\r\n<td>\r\n<p align=\"center\">R$ 40.000,00</p>\r\n</td>\r\n</tr>\r\n</tbody>\r\n</table>\r\n<p>\u00a0</p>\r\n<table>\r\n<tbody>\r\n<tr>\r\n<td colspan=\"2\">\r\n<p align=\"center\"><b>JANE CRISTINA LACERDA PINTO</b></p>\r\n</td>\r\n</tr>\r\n<tr>\r\n<td>\r\n<p align=\"center\"><b>EMENDA - DESTINA\u00c7\u00c3O</b></p>\r\n</td>\r\n<td>\r\n<p align=\"center\"><b>VALOR</b></p>\r\n</td>\r\n</tr>\r\n<tr>\r\n<td>\r\n<p>Aux\u00edlio financeiro para a Sociedade de Prote\u00e7\u00e3o aos Animais de Ub\u00e1 - SUPA</p>\r\n</td>\r\n<td>\r\n<p align=\"center\">R$ 148.109,00</p>\r\n</td>\r\n</tr>\r\n<tr>\r\n<td>\r\n<p>Aux\u00edlio financeiro para obras na Sociedade de Prote\u00e7\u00e3o aos Animais de Ub\u00e1 - SUPA</p>\r\n</td>\r\n<td>\r\n<p align=\"center\">R$ 143.109,00</p>\r\n</td>\r\n</tr>\r\n<tr>\r\n<td>\r\n<p>Associa\u00e7\u00e3o Cultural de Combate \u00e0 Discrimina\u00e7\u00e3o Racial Solano Trindade</p>\r\n</td>\r\n<td>\r\n<p align=\"center\">R$ 5.000,00</p>\r\n</td>\r\n</tr>\r\n</tbody>\r\n</table>\r\n<p>\u00a0</p>\r\n<table>\r\n<tbody>\r\n<tr>\r\n<td colspan=\"2\">\r\n<p align=\"center\"><b>JORGE CUSTODIO GERVASIO</b></p>\r\n</td>\r\n</tr>\r\n<tr>\r\n<td>\r\n<p align=\"center\"><b>EMENDA - DESTINA\u00c7\u00c3O</b></p>\r\n</td>\r\n<td>\r\n<p align=\"center\"><b>VALOR</b></p>\r\n</td>\r\n</tr>\r\n<tr>\r\n<td>\r\n<p>Sociedade Ubaense de Artes e Of\u00edcios</p>\r\n</td>\r\n<td>\r\n<p align=\"center\">R$ 10.000,00</p>\r\n</td>\r\n</tr>\r\n<tr>\r\n<td>\r\n<p>Cal\u00e7amento de 80 metros na Rua Manoel Feital Teixeira, Bairro Mangueira Rural</p>\r\n</td>\r\n<td>\r\n<p align=\"center\">R$ 16.800,00</p>\r\n</td>\r\n</tr>\r\n<tr>\r\n<td>\r\n<p>Associa\u00e7\u00e3o Ubaense de Parapl\u00e9gicos</p>\r\n</td>\r\n<td>\r\n<p align=\"center\">R$ 10.000,00</p>\r\n</td>\r\n</tr>\r\n<tr>\r\n<td>\r\n<p>Instala\u00e7\u00e3o de dois postes de ilumina\u00e7\u00e3o p\u00fablica na Comunidade do Ubeba, Zona Rural</p>\r\n</td>\r\n<td>\r\n<p align=\"center\">R$ 6.040,00</p>\r\n</td>\r\n</tr>\r\n<tr>\r\n<td>\r\n<p>Associa\u00e7\u00e3o Beneficente Cat\u00f3lica \u2013 Hospital Santa Isabel</p>\r\n</td>\r\n<td>\r\n<p align=\"center\">R$ 83.000,00</p>\r\n</td>\r\n</tr>\r\n<tr>\r\n<td>\r\n<p>Secretaria Municipal de Sa\u00fade</p>\r\n</td>\r\n<td>\r\n<p align=\"center\">R$ 40.000,00</p>\r\n</td>\r\n</tr>\r\n<tr>\r\n<td>\r\n<p>Aux\u00edlio financeiro para obras na Sociedade de Prote\u00e7\u00e3o aos Animais de Ub\u00e1 - SUPA</p>\r\n</td>\r\n<td>\r\n<p align=\"center\">R$ 25.000,00</p>\r\n</td>\r\n</tr>\r\n<tr>\r\n<td>\r\n<p>Secretaria Municipal de Sa\u00fade</p>\r\n</td>\r\n<td>\r\n<p align=\"center\">R$ 10.000,00</p>\r\n</td>\r\n</tr>\r\n<tr>\r\n<td>\r\n<p>Associa\u00e7\u00e3o Beneficente Cat\u00f3lica \u2013 Hospital Santa Isabel</p>\r\n</td>\r\n<td>\r\n<p align=\"center\">R$ 95.160,00</p>\r\n</td>\r\n</tr>\r\n</tbody>\r\n</table>\r\n<p>\u00a0</p>\r\n<table>\r\n<tbody>\r\n<tr>\r\n<td colspan=\"2\">\r\n<p align=\"center\"><b>JOS\u00c9 ROBERTO REIS FILGUEIRAS</b></p>\r\n</td>\r\n</tr>\r\n<tr>\r\n<td>\r\n<p align=\"center\"><b>EMENDA - DESTINA\u00c7\u00c3O</b></p>\r\n</td>\r\n<td>\r\n<p align=\"center\"><b>VALOR</b></p>\r\n</td>\r\n</tr>\r\n<tr>\r\n<td>\r\n<p>Asfaltamento de 40 metros da Rua Iona Floriano, Bairro Encosta do Sol</p>\r\n</td>\r\n<td>\r\n<p align=\"center\">R$ 20.160,00</p>\r\n</td>\r\n</tr>\r\n<tr>\r\n<td>\r\n<p>Instala\u00e7\u00e3o de um poste de ilumina\u00e7\u00e3o p\u00fablica na Rua Iona Floriano, Bairro Encosta do Sol</p>\r\n</td>\r\n<td>\r\n<p align=\"center\">R$ 3.020,00</p>\r\n</td>\r\n</tr>\r\n<tr>\r\n<td>\r\n<p>Instala\u00e7\u00e3o de um poste de ilumina\u00e7\u00e3o p\u00fablica na Rua Maria Zorzan, Bairro Meu Sonho</p>\r\n</td>\r\n<td>\r\n<p align=\"center\">R$ 6.040,00</p>\r\n</td>\r\n</tr>\r\n<tr>\r\n<td>\r\n<p>Sociedade Beneficente An\u00e1lia Franco</p>\r\n</td>\r\n<td>\r\n<p align=\"center\">R$ 5.000,00</p>\r\n</td>\r\n</tr>\r\n<tr>\r\n<td>\r\n<p>Associa\u00e7\u00e3o Ubaense de Parapl\u00e9gicos</p>\r\n</td>\r\n<td>\r\n<p align=\"center\">R$ 5.000,00</p>\r\n</td>\r\n</tr>\r\n<tr>\r\n<td>\r\n<p>Associa\u00e7\u00e3o Maria do Carmo</p>\r\n</td>\r\n<td>\r\n<p align=\"center\">R$ 5.000,00</p>\r\n</td>\r\n</tr>\r\n<tr>\r\n<td>\r\n<p>N\u00facleo Regional de Volunt\u00e1rios no Combate ao C\u00e2ncer - NRVCC</p>\r\n</td>\r\n<td>\r\n<p align=\"center\">R$ 5.000,00</p>\r\n</td>\r\n</tr>\r\n<tr>\r\n<td>\r\n<p>Desafio Jovem Ub\u00e1 - DEJUB</p>\r\n</td>\r\n<td>\r\n<p align=\"center\">R$ 10.000,00</p>\r\n</td>\r\n</tr>\r\n<tr>\r\n<td>\r\n<p>Associa\u00e7\u00e3o Beneficente Cat\u00f3lica \u2013 Hospital Santa Isabel</p>\r\n</td>\r\n<td>\r\n<p align=\"center\">R$ 113.100,00</p>\r\n</td>\r\n</tr>\r\n<tr>\r\n<td>\r\n<p>Irmandade Nossa Senhora da Sa\u00fade \u2013 Hospital S\u00e3o Vicente de Paulo</p>\r\n</td>\r\n<td>\r\n<p align=\"center\">R$ 10.000,00</p>\r\n</td>\r\n</tr>\r\n<tr>\r\n<td>\r\n<p>Associa\u00e7\u00e3o de Pais e Amigos dos Excepcionais (Apae)</p>\r\n</td>\r\n<td>\r\n<p align=\"center\">R$ 5.000,00</p>\r\n</td>\r\n</tr>\r\n<tr>\r\n<td>\r\n<p>Asfaltamento de 70 metros da Rua Ant\u00f4nio Barbosa, Bairro Mangueira Rural</p>\r\n</td>\r\n<td>\r\n<p align=\"center\">R$ 29.600,00</p>\r\n</td>\r\n</tr>\r\n<tr>\r\n<td>\r\n<p>Asfaltamento de 190 metros da Rua Roberto Fellipe, Bairro Encosta do Sol</p>\r\n</td>\r\n<td>\r\n<p align=\"center\">R$ 73.800,00</p>\r\n</td>\r\n</tr>\r\n<tr>\r\n<td>\r\n<p>Cal\u00e7amento de 25 metros da Rua Gon\u00e7alves Dias, Bairro Santa Bernadete</p>\r\n</td>\r\n<td>\r\n<p align=\"center\">R$ 5.300,00</p>\r\n</td>\r\n</tr>\r\n</tbody>\r\n</table>\r\n<p>\u00a0</p>\r\n<table>\r\n<tbody>\r\n<tr>\r\n<td colspan=\"2\">\r\n<p align=\"center\"><b>JOSELI AN\u00cdSIO PINTO</b></p>\r\n</td>\r\n</tr>\r\n<tr>\r\n<td>\r\n<p align=\"center\"><b>EMENDA - DESTINA\u00c7\u00c3O</b></p>\r\n</td>\r\n<td>\r\n<p align=\"center\"><b>VALOR</b></p>\r\n</td>\r\n</tr>\r\n<tr>\r\n<td>\r\n<p>Asfaltamento de 220 metros da Rua Pira\u00faba, Bairro Rosa de Toledo</p>\r\n</td>\r\n<td>\r\n<p align=\"center\">R$ 105.600,00</p>\r\n</td>\r\n</tr>\r\n<tr>\r\n<td>\r\n<p>Asfaltamento de 75 metros da Rua Fizinho Pirosca, Bairro Ant\u00f4nio Bigonha</p>\r\n</td>\r\n<td>\r\n<p align=\"center\">R$ 36.000,00</p>\r\n</td>\r\n</tr>\r\n<tr>\r\n<td>\r\n<p>Associa\u00e7\u00e3o Beneficente Cat\u00f3lica \u2013 Hospital Santa Isabel</p>\r\n</td>\r\n<td>\r\n<p align=\"center\">R$ 100.000,00</p>\r\n</td>\r\n</tr>\r\n<tr>\r\n<td>\r\n<p>Irmandade Nossa Senhora da Sa\u00fade \u2013 Hospital S\u00e3o Vicente de Paulo</p>\r\n</td>\r\n<td>\r\n<p align=\"center\">R$ 48.000,00</p>\r\n</td>\r\n</tr>\r\n</tbody>\r\n</table>\r\n<p>\u00a0</p>\r\n<table>\r\n<tbody>\r\n<tr>\r\n<td colspan=\"2\">\r\n<p align=\"center\"><b>LU\u00cdS CARLOS TEIXEIRA RIBEIRO</b></p>\r\n</td>\r\n</tr>\r\n<tr>\r\n<td>\r\n<p align=\"center\"><b>EMENDA - DESTINA\u00c7\u00c3O</b></p>\r\n</td>\r\n<td>\r\n<p align=\"center\"><b>VALOR</b></p>\r\n</td>\r\n</tr>\r\n<tr>\r\n<td>\r\n<p>Instala\u00e7\u00e3o de sete postes de ilumina\u00e7\u00e3o p\u00fablica e rede el\u00e9trica</p>\r\n</td>\r\n<td>\r\n<p align=\"center\">R$ 21.140,00</p>\r\n</td>\r\n</tr>\r\n<tr>\r\n<td>\r\n<p>Aux\u00edlio financeiro para a Academia de Capoeira Garra Mineira</p>\r\n</td>\r\n<td>\r\n<p align=\"center\">R$ 30.000,00</p>\r\n</td>\r\n</tr>\r\n<tr>\r\n<td>\r\n<p>Subven\u00e7\u00e3o social para a Academia de Capoeira Garra Mineira</p>\r\n</td>\r\n<td>\r\n<p align=\"center\">R$ 5.900,00</p>\r\n</td>\r\n</tr>\r\n<tr>\r\n<td>\r\n<p>Associa\u00e7\u00e3o de Capoeira Sabi\u00e1 Cord\u00e3o de Ouro Mestre Chiquinho</p>\r\n</td>\r\n<td>\r\n<p align=\"center\">R$ 26.000,00</p>\r\n</td>\r\n</tr>\r\n<tr>\r\n<td>\r\n<p>Associa\u00e7\u00e3o de Artes Marciais Zona da Mata</p>\r\n</td>\r\n<td>\r\n<p align=\"center\">R$ 10.000,00</p>\r\n</td>\r\n</tr>\r\n<tr>\r\n<td>\r\n<p>Subven\u00e7\u00e3o Social para a Sociedade Beneficente An\u00e1lia Franco</p>\r\n</td>\r\n<td>\r\n<p align=\"center\">R$ 15.000,00</p>\r\n</td>\r\n</tr>\r\n<tr>\r\n<td>\r\n<p>Aux\u00edlio financeiro para a Sociedade Beneficente An\u00e1lia Franco</p>\r\n</td>\r\n<td>\r\n<p align=\"center\">R$ 5.000,00</p>\r\n</td>\r\n</tr>\r\n<tr>\r\n<td>\r\n<p>Industrial Futebol Clube</p>\r\n</td>\r\n<td>\r\n<p align=\"center\">R$ 10.000,00</p>\r\n</td>\r\n</tr>\r\n<tr>\r\n<td>\r\n<p>Grupo de Apoio ao Paciente de C\u00e2ncer - GRAPAC</p>\r\n</td>\r\n<td>\r\n<p align=\"center\">R$ 15.000,00</p>\r\n</td>\r\n</tr>\r\n<tr>\r\n<td>\r\n<p>Associa\u00e7\u00e3o de Pais e Amigos dos Excepcionais (Apae)</p>\r\n</td>\r\n<td>\r\n<p align=\"center\">R$ 30.000,00</p>\r\n</td>\r\n</tr>\r\n<tr>\r\n<td>\r\n<p>Fundo Municipal de Sa\u00fade</p>\r\n</td>\r\n<td>\r\n<p align=\"center\">R$ 10.000,00</p>\r\n</td>\r\n</tr>\r\n<tr>\r\n<td>\r\n<p>N\u00facleo Regional de Volunt\u00e1rios no Combate ao C\u00e2ncer</p>\r\n</td>\r\n<td>\r\n<p align=\"center\">R$ 25.000,00</p>\r\n</td>\r\n</tr>\r\n<tr>\r\n<td>\r\n<p>Associa\u00e7\u00e3o Beneficente Cat\u00f3lica \u2013 Hospital Santa Isabel</p>\r\n</td>\r\n<td>\r\n<p align=\"center\">R$ 41.500,00</p>\r\n</td>\r\n</tr>\r\n<tr>\r\n<td>\r\n<p>Irmandade Nossa Senhora da Sa\u00fade \u2013 Hospital S\u00e3o Vicente de Paulo</p>\r\n</td>\r\n<td>\r\n<p align=\"center\">R$ 41.500,00</p>\r\n</td>\r\n</tr>\r\n<tr>\r\n<td>\r\n<p>Associa\u00e7\u00e3o de Ciclismo da Zona da Mata</p>\r\n</td>\r\n<td>\r\n<p align=\"center\">R$ 10.000,00</p>\r\n</td>\r\n</tr>\r\n</tbody>\r\n</table>\r\n<p>\u00a0</p>\r\n<table>\r\n<tbody>\r\n<tr>\r\n<td colspan=\"2\">\r\n<p align=\"center\"><b>ROS\u00c2NGELA MARIA ALFENAS DE ANDRADE</b></p>\r\n</td>\r\n</tr>\r\n<tr>\r\n<td>\r\n<p align=\"center\"><b>EMENDA - DESTINA\u00c7\u00c3O</b></p>\r\n</td>\r\n<td>\r\n<p align=\"center\"><b>VALOR</b></p>\r\n</td>\r\n</tr>\r\n<tr>\r\n<td>\r\n<p>Associa\u00e7\u00e3o Beneficente Cat\u00f3lica \u2013 Hospital Santa Isabel</p>\r\n</td>\r\n<td>\r\n<p align=\"center\">R$ 148.109,00</p>\r\n</td>\r\n</tr>\r\n<tr>\r\n<td>\r\n<p>Associa\u00e7\u00e3o Beneficente Cat\u00f3lica \u2013 Hospital Santa Isabel</p>\r\n</td>\r\n<td>\r\n<p align=\"center\">R$ 113.109,00</p>\r\n</td>\r\n</tr>\r\n<tr>\r\n<td>\r\n<p>Asfaltamento de 168 metros da Rua S\u00e3o Sebasti\u00e3o, Bairro S\u00e3o Sebasti\u00e3o</p>\r\n</td>\r\n<td>\r\n<p align=\"center\">R$ 20.000,00</p>\r\n</td>\r\n</tr>\r\n<tr>\r\n<td>\r\n<p>Sociedade Beneficente An\u00e1lia Franco</p>\r\n</td>\r\n<td>\r\n<p align=\"center\">R$ 10.000,00</p>\r\n</td>\r\n</tr>\r\n<tr>\r\n<td>\r\n<p>Associa\u00e7\u00e3o Cultural de Combate \u00e0 Discrimina\u00e7\u00e3o Racial Solano Trindade</p>\r\n</td>\r\n<td>\r\n<p align=\"center\">R$ 5.000,00</p>\r\n</td>\r\n</tr>\r\n</tbody>\r\n</table>\r\n<p>\u00a0</p>\r\n<p style=\"text-align: justify; \"><b><br /></b></p>\r\n<p style=\"text-align: justify; \"><b>\u00a0</b></p>\r\n<p style=\"text-align: justify; \">\u00a0</p>", "author_name": "", "version": "1.0", "author_url": "https://www.uba.mg.leg.br/author/comunicacao", "provider_name": " ", "type": "rich"}