{"provider_url": "https://www.uba.mg.leg.br", "title": "Legislativo promove Semana do L\u00edder Comunit\u00e1rio", "html": "<p align=\"center\" style=\"text-align: justify; \"><span>A C\u00e2mara Municipal de Ub\u00e1 (CMU) e a Federa\u00e7\u00e3o Municipal das Associa\u00e7\u00f5es Comunit\u00e1rias dos Bairros e Distritos de Ub\u00e1 (Femac) realizaram entre os dias 30 de julho e 2 de agosto, a Semana do L\u00edder Comunit\u00e1rio. Os eventos cumprem o disposto na Lei Municipal n\u00ba 2844/98, regulamentada pela Resolu\u00e7\u00e3o n\u00ba 01/99, ao determinar que as associa\u00e7\u00f5es e demais entidades ligadas \u00e0 popula\u00e7\u00e3o sejam convocadas pelos Poderes P\u00fablicos para organizar e divulgar debates e outros eventos alusivos ao Dia do l\u00edder Comunit\u00e1rio.</span></p>\r\n<p style=\"text-align: justify; \">Assim, foi promovido no plen\u00e1rio da CMU um ciclo de palestras com temas pertinentes \u00e0s pr\u00e1ticas das lideran\u00e7as comunit\u00e1rias. O presidente do Legislativo, vereador Jorge Custodio Gervasio, fez a abertura da Semana do L\u00edder em 30 de julho, seguido pela apresenta\u00e7\u00e3o do professor e assessor parlamentar da Assembleia Legislativa de Minas Gerais, Rodrigo Marzano Antunes Miranda, que ministrou o curso \u201cLideran\u00e7a\u201d.</p>\r\n<p style=\"text-align: justify; \">\u201cUm bom l\u00edder \u00e9 aquele que representa seus liderados. Os l\u00edderes tem grandes ferramentas e elementos, trabalhamos nesta palestra a ideia do planejamento das a\u00e7\u00f5es. O l\u00edder n\u00e3o \u00e9 aquele que d\u00e1 conta de tudo, mas \u00e9 aquele que organiza de fato as demandas da sua comunidade e as reivindica no lugar certo, representando a todos, buscando atender a expectativa das pessoas. Todas as pessoas tem atribui\u00e7\u00f5es e qualidades, um bom l\u00edder sabe identificar nas pessoas quais s\u00e3o as suas melhores qualidades e coloc\u00e1-las a servi\u00e7o da coletividade\u201d, contou Rodrigo.</p>\r\n<p style=\"text-align: justify; \">No dia 31 de julho, o mobilizador do Servi\u00e7o Nacional de Aprendizagem Rural (Senar), \u00c9verton Pinto Gon\u00e7alves, proferiu a palestra intitulada: \u201cEduca\u00e7\u00e3o para o campo\u201d, direcionada para a qualifica\u00e7\u00e3o do produtor rural. \u201c\u00c9 importante a popula\u00e7\u00e3o conhecer as a\u00e7\u00f5es que o Senar desenvolve no munic\u00edpio de Ub\u00e1. Pouca gente sabe que o Servi\u00e7o Nacional de Aprendizagem Rural possui mais de 300 cursos, treinamentos, assist\u00eancia t\u00e9cnica, programas direcionados para a sa\u00fade do homem e da mulher no campo, preven\u00e7\u00e3o de acidentes, trabalhos focados em equipamentos tecnol\u00f3gicos, entre outros. O homem do campo n\u00e3o precisa vir at\u00e9 a cidade para se qualificar, o Senar vai at\u00e9 a sua propriedade com instrutores qualificados. Para pleitear os cursos e assist\u00eancias a comunidade pode nos procurar, na sede do Sindicato dos Produtores Rurais de Ub\u00e1\u201d, relatou.</p>\r\n<p style=\"text-align: justify; \">Segundo \u00c9verton, o Senar \u00e9 vinculado a Federa\u00e7\u00e3o da Agricultura e Pecu\u00e1ria do Estado de Minas Gerais (FAEMG) que tem como entidade l\u00edder a Confedera\u00e7\u00e3o de Agricultura e Pecu\u00e1ria do Brasil (CNA). \u201cEm Ub\u00e1 a atua\u00e7\u00e3o \u00e9 por meio de um termo de coopera\u00e7\u00e3o com o Sindicato dos Produtores Rurais de Ub\u00e1, com duas linhas de a\u00e7\u00f5es, a de forma\u00e7\u00e3o profissional rural e a de promo\u00e7\u00e3o pessoal, qualificando os produtores rurais da cidade e da regi\u00e3o. E agora, com a oportunidade de assist\u00eancia t\u00e9cnica gerencial gratuita\u201d, explicou.</p>\r\n<p style=\"text-align: justify; \">Ainda no dia 31, foi realizada a palestra: \u201cO papel da lideran\u00e7a nas pr\u00e1ticas restaurativas do ambiente \u2013 justi\u00e7a restaurativa\u201d, que ficou a cargo do professor de Filosofia e servidor da Superintend\u00eancia Regional de Ensino de Ub\u00e1, Edmar Pereira Lopes.</p>\r\n<p style=\"text-align: justify; \">Tamb\u00e9m ministrada pelo professor Edmar, e encerrando as explana\u00e7\u00f5es, no dia 1\u00ba de agosto o tema foi \u201cViv\u00eancia para a media\u00e7\u00e3o de conflitos \u2013 Agentes de cultura de paz: papel do l\u00edder comunit\u00e1rio\u201d.</p>\r\n<p style=\"text-align: justify; \">\u201cUm bom l\u00edder comunit\u00e1rio precisa primeiro saber ouvir. As pr\u00e1ticas restaurativas do ambiente prop\u00f5em a pacifica\u00e7\u00e3o, a resolu\u00e7\u00e3o e a media\u00e7\u00e3o de conflitos, buscando uma conviv\u00eancia mais solid\u00e1ria, mais fraterna. Tudo isso se d\u00e1 inicialmente no saber ouvir; estar num c\u00edrculo, que n\u00f3s chamamos de c\u00edrculos restaurativos ou processos circulares, onde cada membro da comunidade, da igreja, do bairro, da escola, poder\u00e1 contar a sua hist\u00f3ria de vida, ser compreendido, ser valorizado, e para isto a lideran\u00e7a comunit\u00e1ria \u00e9 muito importante\u201d, afirmou Edmar.</p>\r\n<p style=\"text-align: justify; \">Ainda conforme Edmar, na palestra foram trabalhadas v\u00e1rias pr\u00e1ticas de justi\u00e7a restaurativa. \u201cN\u00f3s vivemos uma justi\u00e7a retributiva que \u00e9 a justi\u00e7a comum. Exemplo: a cada crime uma pena, a cada dano outra puni\u00e7\u00e3o. Isso tudo \u00e9 importante, mas a justi\u00e7a restaurativa que \u00e9 hoje adotada por muitos juristas e comarcas do pa\u00eds, \u00e9 reconhecida legalmente pelo Conselho Nacional de Justi\u00e7a. Esta, mais do que punir ou penalizar, quer permitir que o infrator possa trabalhar pela repara\u00e7\u00e3o dos danos que causou \u00e0 sociedade ou \u00e0 v\u00edtima e quer permitir tamb\u00e9m que ela seja cuidada em seu sofrimento, apoiada, saia do seu lugar de v\u00edtima e reassuma a sua dignidade pessoal\u201d, concluiu. \u00a0\u00a0</p>\r\n<p style=\"text-align: justify; \">Para o presidente da CMU, vereador Jorge Custodio Gervasio, mais do que dar cumprimento \u00e0 legisla\u00e7\u00e3o municipal, a capacita\u00e7\u00e3o das lideran\u00e7as \u00e9 imprescind\u00edvel \u00e0queles que precisam estar preparados para as mais adversas e delicadas situa\u00e7\u00f5es em suas comunidades. \u201cL\u00edderes treinados conseguem entender e solucionar conflitos, aliando conhecimento, dinamismo, experi\u00eancia e boa vontade. Tamb\u00e9m aprimoram seus comportamentos e habilidades para contribu\u00edrem ainda mais com o desenvolvimento local\u201d, ressaltou o presidente.</p>\r\n<p style=\"text-align: justify; \">Dezenas de pessoas acompanharam os eventos, que culminaram na solenidade de entrega dos Diplomas de L\u00edder Comunit\u00e1rio a dezenove cidad\u00e3os que se destacam em suas respectivas comunidades, indicados pelos presidentes das associa\u00e7\u00f5es de bairros e pelos pr\u00f3prios moradores.</p>\r\n<p style=\"text-align: justify; \">\u00a0</p>", "author_name": "", "version": "1.0", "author_url": "https://www.uba.mg.leg.br/author/comunicacao", "provider_name": " ", "type": "rich"}