{"provider_url": "https://www.uba.mg.leg.br", "title": "Legislativo Ubaense define membros das comiss\u00f5es permanentes", "html": "<p><span>Na primeira sess\u00e3o ordin\u00e1ria do ano realizada nesta segunda-feira (6) pela C\u00e2mara Municipal de Ub\u00e1, o Legislativo Ubaense definiu os ocupantes das 13 comiss\u00f5es permanentes da Casa.\u00a0</span><span>A escolha dos nomes foi feita pelos pr\u00f3prios vereadores em vota\u00e7\u00e3o realizada durante a reuni\u00e3o.</span></p>\r\n<p>Confira as Comiss\u00f5es Legislativas:</p>\r\n<p>Comiss\u00e3o de Legisla\u00e7\u00e3o, Justi\u00e7a e Reda\u00e7\u00e3o Final \u2013 CLJR<br />Titulares:<br />Vereador Gilson Fazolla Filgueiras (Presidente)<br />Vereador Antero Gomes de Aguiar<br />Vereador Pastor Darci Pires da Silva</p>\r\n<p>Suplentes:<br />Vereador Edeir Pacheco da Costa<br />Vereador Joseli An\u00edsio Pinto<br />Vereadora Jane Cristina Lacerda Pinto.</p>\r\n<p>Comiss\u00e3o de Or\u00e7amento, Finan\u00e7as e Tomada de Conta \u2013 COFTC<br />Titulares:<br />Vereador Jos\u00e9 Roberto Reis Filgueiras (Presidente)<br />Vereadora Jane Cristina Lacerda Pinto<br />Vereador Jorge Cust\u00f3dio Gerv\u00e1sio.</p>\r\n<p>Suplentes:<br />Vereador Luis Carlos Teixeira Ribeiro<br />Vereador Alexandre de Barros Mendes<br />Vereador Edeir Pacheco da Costa.</p>\r\n<p>Comiss\u00e3o de Obras e Servi\u00e7os P\u00fablicos Municipais \u2013 COSPM<br />Titulares:<br />Vereador Antero Gomes de Aguiar (Presidente)<br />Vereador Gilson Fazolla Filgueiras<br />Vereador Jos\u00e9 Roberto Reis Filgueiras.</p>\r\n<p>Suplentes:<br />Vereador Joseli An\u00edsio Pinto<br />Vereador Edeir Pacheco da Costa<br />Vereador Luis Carlos Teixeira Ribeiro</p>\r\n<p>Comiss\u00e3o de Defesa dos Direitos Humanos e Consumidor \u2013 CDDHC<br />Titulares:<br />Vereadora Jane Cristina Lacerda Pinto (Presidente)<br />Vereador Edeir Pacheco da Costa<br />Vereador Gilson Fazolla Filgueiras</p>\r\n<p>Suplentes:<br />Vereador Joseli An\u00edsio Pinto<br />Vereador Pastor Darci Pires da Silva<br />Vereador Antero Gomes de Aguiar</p>\r\n<p>Comiss\u00e3o de Agricultura, Com\u00e9rcio, Ind\u00fastria e Meio Ambiente - CACIMA<br />Titulares:<br />Vereador Jos\u00e9 Roberto Reis Filgueiras (Presidente)<br />Vereador Gilson Fazolla Filgueiras<br />Vereador Jorge Cust\u00f3dio Gerv\u00e1sio.</p>\r\n<p>Suplentes:<br />Vereadora Jane Cristina Lacerda Pinto<br />Vereador Alexandre de Barros Mendes<br />Vereador Luis Carlos Teixeira Ribeiro</p>\r\n<p>Comiss\u00e3o de Seguran\u00e7a P\u00fablica \u2013 COMSEP<br />Titulares:<br />Vereadora Jane Cristina Lacerda Pinto (Presidente)<br />Vereador Jos\u00e9 Roberto Reis Filgueiras<br />Vereador Gilson Fazolla Filgueiras.</p>\r\n<p>Suplentes:<br />Vereador Jorge Cust\u00f3dio Gerv\u00e1sio<br />Vereador Luis Carlos Teixeira Ribeiro<br />Vereador Joseli An\u00edsio Pinto</p>\r\n<p>Comiss\u00e3o de Esporte, Lazer e Turismo \u2013 CELT<br />Titulares:<br />Vereador Luis Carlos Teixeira Ribeiro (Presidente)<br />Vereador Gilson Fazolla Figueiras<br />Vereador Jorge Cust\u00f3dio Gerv\u00e1sio.</p>\r\n<p>Suplentes:<br />Vereador Jos\u00e9 Roberto Reis Filgueiras<br />Vereadora Jane Cristina Lacerda Pinto<br />Vereador Alexandre de Barros Mendes</p>\r\n<p>Comiss\u00e3o de \u00c9tica e do Decoro Parlamentar (CEDEP)<br />Titulares:<br />Vereador Jorge Cust\u00f3dio Gerv\u00e1sio (Presidente)<br />Vereador Pastor Darci Pires da Silva<br />Vereador Jos\u00e9 Roberto Reis Filgueiras.</p>\r\n<p>Suplentes:<br />Vereador Alexandre de Barros Mendes<br />Vereadora Jane Cristina Lacerda Pinto<br />Vereador Gilson Fazolla Filgueiras.</p>\r\n<p>Comiss\u00e3o de Educa\u00e7\u00e3o (CE)<br />Titulares:<br />Vereador Edeir Pacheco da Costa (Presidente)<br />Vereador Pastor Darci Pires da Silva<br />Vereador Antero Gomes de Aguiar.</p>\r\n<p>Suplentes:<br />Vereadora Jane Cristina Lacerda Pinto<br />Vereador Jos\u00e9 Roberto Reis Filgueiras<br />Vereador Luis Carlos Teixeira Ribeiro.</p>\r\n<p>Comiss\u00e3o de Sa\u00fade (CS)<br />Titulares:<br />Vereador Alexandre de Barros Mendes (Presidente)<br />Vereador Gilson Fazolla Filgueiras<br />Vereador Jos\u00e9 Roberto Reis Filgueiras.</p>\r\n<p>Suplentes:<br />Vereador Jorge Cust\u00f3dio Gerv\u00e1sio<br />Vereador Joseli An\u00edsio Pinto<br />Vereador Antero Gomes de Aguiar.</p>\r\n<p>Comiss\u00e3o de Desenvolvimento Social (CDES)<br />Titulares:<br />Vereador Pastor Darci Pires da Silva (Presidente)<br />Vereador Gilson Fazolla Filgueiras<br />Vereador Edeir Pacheco da Costa.</p>\r\n<p>Suplentes:<br />Vereador Antero Gomes de Aguiar<br />Vereador Jos\u00e9 Roberto Reis Filgueiras<br />Vereadora Jane Cristina Lacerda Pinto.</p>\r\n<p>Comiss\u00e3o do Idoso (CI)<br />Titulares:<br />Vereadora Jane Cristina Lacerda Pinto (Presidente)<br />Vereador Jos\u00e9 Roberto Reis Filgueiras<br />Vereador Jorge Cust\u00f3dio Gerv\u00e1sio.</p>\r\n<p>Suplentes:<br />Vereador Alexandre de Barros Mendes<br />Vereador Gilson Fazolla Filgueiras<br />Vereador Luis Carlos Teixeira Ribeiro</p>\r\n<p>COMISS\u00c3O DE PROTE\u00c7\u00c3O ANIMAL: (CPA)<br />Titulares:<br />Vereadora Jane Cristina Lacerda Pinto (Presidente)<br />Vereador Jorge Cust\u00f3dio Gerv\u00e1sio<br />Vereador Gilson Fazolla Filgueiras.</p>\r\n<p>Suplentes:<br />Vereador Edeir Pacheco da Costa<br />Vereador Antero Gomes de Aguiar<br />Vereador Joseli An\u00edsio Pinto.</p>", "author_name": "", "version": "1.0", "author_url": "https://www.uba.mg.leg.br/author/comunicacao", "provider_name": " ", "type": "rich"}