{"provider_url": "https://www.uba.mg.leg.br", "title": "MEI \u00e9 tema de palestra na C\u00e2mara Municipal de Ub\u00e1", "html": "<p><span>A Comiss\u00e3o de Agricultura, Com\u00e9rcio, Ind\u00fastria e Meio Ambiente (CACIMA) da C\u00e2mara Municipal de Ub\u00e1 realiza, \u00e0s 19h de ter\u00e7a-feira (10), uma palestra sobre o tema Microempreendedor Individual (MEI).</span></p>\r\n<p>O assunto ser\u00e1 ministrado por Paulo Marcos Marques Roque (Bacharel em Ci\u00eancias Cont\u00e1beis, especialista em contabilidade tribut\u00e1ria, mestrando em educa\u00e7\u00e3o. consultor cont\u00e1bil e de gest\u00e3o).</p>\r\n<div class=\"text_exposed_show\">\r\n<p>Al\u00e9m de explanar sobre a formaliza\u00e7\u00e3o do MEI, o palestrante vai abordar sobre os Impostos, Declara\u00e7\u00e3o Anual do MEI, Formaliza\u00e7\u00e3o de Funcion\u00e1rios, Nota Fiscal, Limite de Renda e o Sistema Integrado de Informa\u00e7\u00f5es sobre Opera\u00e7\u00f5es Interestaduais com Mercadorias e Servi\u00e7os (Sintegra).</p>\r\n<p>O evento \u00e9 gratuito e aberto ao p\u00fablico. Participe!</p>\r\n</div>", "author_name": "", "version": "1.0", "author_url": "https://www.uba.mg.leg.br/author/comunicacao", "provider_name": " ", "type": "rich"}