{"provider_url": "https://www.uba.mg.leg.br", "title": "Nota de esclarecimento", "html": "<p align=\"center\" style=\"text-align: justify; \"><span>A C\u00e2mara Municipal de Ub\u00e1 torna p\u00fablica a presente nota acerca do lament\u00e1vel caso de comportamento inadequado durante a \u00faltima reuni\u00e3o ordin\u00e1ria de segunda-feira, 1 de abril, realizada no plen\u00e1rio do Poder Legislativo, quando um cidad\u00e3o se manifestou indevidamente na reuni\u00e3o. O ato realizado foi desrespeitoso e incompat\u00edvel com o decoro que se espera de qualquer cidad\u00e3o que assiste a reuni\u00e3o ordin\u00e1ria.</span></p>\r\n<p style=\"text-align: justify; \">Na reuni\u00e3o enquanto uma convidada falava sobre o projeto de lei 019/19 ela foi interrompida pelas perguntas fora de contexto, feitas em tom de voz muito elevado, por um cidad\u00e3o que estava no plen\u00e1rio. O presidente da C\u00e2mara Municipal de Ub\u00e1, vereador Jorge Cust\u00f3dio Gerv\u00e1sio, pediu sil\u00eancio em plen\u00e1rio e solicitou que a pessoa n\u00e3o se manifestasse. A ordem foi descumprida pelo homem que foi retirado do recinto.</p>\r\n<p style=\"text-align: justify; \">Esta Casa Legislativa esclarece tamb\u00e9m que o Regimento Interno da C\u00e2mara Municipal de Ub\u00e1, em seu Artigo 34, diz que qualquer cidad\u00e3o pode assistir as reuni\u00f5es p\u00fablicas, desde que se apresente decentemente vestido, guarde o sil\u00eancio, sem dar sinal de aplauso ou reprova\u00e7\u00e3o, sendo compelido a sair imediatamente do edif\u00edcio, caso perturbe os trabalhos e n\u00e3o atenda \u00e0 advert\u00eancia do Presidente. \u00a0No Par\u00e1grafo \u00danico do referido artigo reza que a Mesa da C\u00e2mara pode requisitar o aux\u00edlio de autoridade competente, quando entender necess\u00e1rio, para assegurar a ordem.</p>\r\n<p style=\"text-align: justify; \">Al\u00e9m disso, a C\u00e2mara informa que est\u00e1 sempre aberta para ouvir a popula\u00e7\u00e3o, por isso, cada cidad\u00e3o pode solicitar a sua participa\u00e7\u00e3o na reuni\u00e3o popular, na primeira quarta-feira de cada m\u00eas. \u00c9 necess\u00e1rio inscrever-se com 72 horas de anteced\u00eancia, na sede do Poder Legislativo, na rua Santa Cruz, 301, Centro de Ub\u00e1.</p>\r\n<p style=\"text-align: justify; \">O presidente da C\u00e2mara, vereador Jorge Cust\u00f3dio Gerv\u00e1sio, com apoio dos demais vereadores, j\u00e1 est\u00e1 tomando todas as provid\u00eancias legais voltadas para a seguran\u00e7a dos vereadores, servidores e popula\u00e7\u00e3o presente na Casa Legislativa. Esta medida de seguran\u00e7a j\u00e1 havia sendo pensada h\u00e1 alguns dias, devido aos \u00faltimos acontecimentos de viol\u00eancia no pa\u00eds.</p>\r\n<p style=\"text-align: justify; \">\u00a0</p>\r\n<p style=\"text-align: justify; \">\u00a0</p>", "author_name": "", "version": "1.0", "author_url": "https://www.uba.mg.leg.br/author/comunicacao", "provider_name": " ", "type": "rich"}