{"provider_url": "https://www.uba.mg.leg.br", "title": "Onze mulheres ser\u00e3o homenageadas pela C\u00e2mara nesta quinta-feira", "html": "<p>A C\u00e2mara Municipal de Ub\u00e1 realiza \u00e0s 19h, desta quinta-feira, 8 de mar\u00e7o, no plen\u00e1rio do Legislativo, uma sess\u00e3o extraordin\u00e1ria em Homenagem ao Dia Internacional da Mulher. Ser\u00e3o homenageadas 11 mulheres, indicadas pelos vereadores.</p>\r\n<p>As homenageadas s\u00e3o as seguintes:</p>\r\n<p><b>Maria das Gra\u00e7as Silva Ribeiro, a \u201cMaria do Sop\u00e3o\u201d.</b> Indicada pelo vereador Alexandre de Barros Mendes;</p>\r\n<p><b>Maria Aparecida M\u00e1sala Rufino, a \u201cPatita \u00c9lio\u201d,</b> indicada pelo vereador Antero Gomes de Aguiar.</p>\r\n<p><b>Myriane Seno Barreto</b>, indicada pelo vereador Pastor Darci Pires da Silva;</p>\r\n<p><b>Maria Jos\u00e9 de Oliveira Vieira</b><span>, indicada pelo vereador Edeir Pacheco da Costa;</span></p>\r\n<p><b>Maria do Carmo Nascimento Teixeira</b>, indicada pelo vereador Gilson Fazolla Filgueiras;</p>\r\n<p><b>Leila Cristina Firmiano de Almeida,</b> indicada pela vereadora Jane Cristina Lacerda Pinto.</p>\r\n<p><b>Ariadna Zonta Rodrigues,</b> indicada pelo vereador Jorge Cust\u00f3dio Gerv\u00e1sio;</p>\r\n<p><b>Aquemes Sampaio Barbosa</b>, indicada pelo vereador Jos\u00e9 Roberto Reis Filgueiras;</p>\r\n<p><b>Maria das Gra\u00e7as Oliveira Costa</b>, indicada pelo vereador Joseli An\u00edsio Pinto;</p>\r\n<p><b>Nelci Guimar\u00e3es Rosa</b>, indicada pelo vereador Luis Carlos Teixeira Ribeiro; e</p>\r\n<p><b>Marilene de F\u00e1tima Arruda Alves</b>, indicada pela vereadora Ros\u00e2ngela Maria Alfenas de Andrade.</p>", "author_name": "", "version": "1.0", "author_url": "https://www.uba.mg.leg.br/author/comunicacao", "provider_name": " ", "type": "rich"}