{"provider_url": "https://www.uba.mg.leg.br", "title": "Parlamento Jovem 2017 em a\u00e7\u00e3o", "html": "<p><span>O assessor da Escola do Legislativo, Jardel Peron Waquim, coordenador municipal do Parlamento Jovem, participa at\u00e9 a pr\u00f3xima sexta-feira (10) do curso de forma\u00e7\u00e3o realizado pela Assembleia Legislativa de Minas Gerais (ALMG). O planejamento das atividades do projeto para este ano \u00e9 o objetivo do encontro, que vai reunir c\u00e2maras municipais novatas e veteranas.\u00a0</span></p>\r\n<p>A participa\u00e7\u00e3o no curso \u00e9 requisito para ingresso no PJ de Minas, edi\u00e7\u00e3o 2017. Este \u00e9 o\u00a0<span class=\"text_exposed_show\">segundo ano em que a C\u00e2mara de Ub\u00e1 participa desta iniciativa da ALMG.</span></p>\r\n<div class=\"text_exposed_show\">\r\n<p>Parlamento Jovem de Minas</p>\r\n<p>O Parlamento Jovem de Minas \u00e9 um projeto de forma\u00e7\u00e3o pol\u00edtica, destinado aos estudantes dos ensinos m\u00e9dio e superior dos munic\u00edpios mineiros, que cria para os jovens uma oportunidade de conhecer melhor a pol\u00edtica e os instrumentos de participa\u00e7\u00e3o no Poder Legislativo Municipal e Estadual.</p>\r\n<p><br />A cada ano, um tema de relev\u00e2ncia social e do interesse dos jovens \u00e9 trabalhado por meio de diversas atividades de estudo, debates e delibera\u00e7\u00e3o que permitem a viv\u00eancia.</p>\r\n</div>", "author_name": "", "version": "1.0", "author_url": "https://www.uba.mg.leg.br/author/comunicacao", "provider_name": " ", "type": "rich"}