{"provider_url": "https://www.uba.mg.leg.br", "title": "Parlamento Jovem de Ub\u00e1: inscri\u00e7\u00f5es abertas", "html": "<p style=\"text-align: justify; \"><span>A Escola do Legislativo da C\u00e2mara Municipal de Ub\u00e1 j\u00e1 est\u00e1 recebendo inscri\u00e7\u00f5es das escolas e dos estudantes interessados em participar do Programa de Educa\u00e7\u00e3o Pol\u00edtica da Assembleia Legislativa de Minas Gerais (ALMG), Parlamento Jovem de Minas (PJ Minas) de 2021. Por causa da pandemia, as atividades ser\u00e3o iniciadas de forma virtual, mas existe a previs\u00e3o de a\u00e7\u00f5es presenciais nas etapas regional e estadual, desde que haja seguran\u00e7a sanit\u00e1ria.</span></p>\r\n<p style=\"text-align: justify; \">O tema desta edi\u00e7\u00e3o ser\u00e1 o mesmo de 2020 \u2013 Meio Ambiente e Desenvolvimento Sustent\u00e1vel, com os subtemas: mudan\u00e7as clim\u00e1ticas e prote\u00e7\u00e3o da biodiversidade; pr\u00e1ticas sustent\u00e1veis e desenvolvimento econ\u00f4mico; e recursos h\u00eddricos e saneamento b\u00e1sico. <br />Este ano a C\u00e2mara de Ub\u00e1 completa 5 anos de participa\u00e7\u00e3o no PJ. H\u00e1 tr\u00eas etapas: municipal, regional e estadual, nas quais os estudantes devem apresentar sugest\u00f5es de projetos de lei.<br />Com previs\u00e3o para ser lan\u00e7ado, em Ub\u00e1, na segunda semana de abril, os trabalhos relativos ao projeto est\u00e3o sendo realizados desde o in\u00edcio de fevereiro por meio da participa\u00e7\u00e3o da diretoria da Escola do Legislativo nas capacita\u00e7\u00f5es on-line promovidas por servidores da Assembleia, e pelo contato entre a Rede de Escolas do Legislativo de Minas Gerais.<br />No dia 22 de mar\u00e7o o presidente da EL da CMU, vereador Edeir Pacheco da Costa, assinou o Termo de Ades\u00e3o ao PJ. O documento j\u00e1 foi enviado \u00e0 ALMG. Assim, passamos a integrar o polo Zona da Mata III, com as C\u00e2maras de Paula C\u00e2ndido, Ponte Nova, Uruc\u00e2nia, Vi\u00e7osa e Visconde do Rio Branco.<br />As escolas e os estudantes do ensino m\u00e9dio interessados podem entrar em contato por meio do telefone (32)3539-5018, falar com Daniel. O per\u00edodo de inscri\u00e7\u00f5es \u00e9 de 1\u00ba a 7 de abril.</p>", "author_name": "", "version": "1.0", "author_url": "https://www.uba.mg.leg.br/author/comunicacao", "provider_name": " ", "type": "rich"}