{"provider_url": "https://www.uba.mg.leg.br", "title": "Parlamento Jovem de Ub\u00e1 ser\u00e1 lan\u00e7ado nesta sexta-feira", "html": "<div dir=\"auto\" style=\"text-align: justify; \">A Escola do Legislativo da C\u00e2mara Municipal de Ub\u00e1 (CMU) realiza na pr\u00f3xima sexta-feira, 30 de abril, \u00e0s 15h, em seu plen\u00e1rio, o lan\u00e7amento do Parlamento Jovem (PJ) de 2021.</div>\r\n<div class=\"o9v6fnle cxmmr5t8 oygrvhab hcukyx3x c1et5uql ii04i59q\" style=\"text-align: justify; \">\r\n<div dir=\"auto\">O PJ Minas \u00e9 um programa de forma\u00e7\u00e3o de estudantes do ensino m\u00e9dio que proporciona aos jovens uma oportunidade de conhecer melhor a pol\u00edtica e os instrumentos de participa\u00e7\u00e3o no Poder Legislativo Municipal e Estadual.</div>\r\n</div>\r\n<div class=\"o9v6fnle cxmmr5t8 oygrvhab hcukyx3x c1et5uql ii04i59q\" style=\"text-align: justify; \">\r\n<div dir=\"auto\">A cada ano, um tema de relev\u00e2ncia social e do interesse dos jovens \u00e9 trabalhado por meio de diversas atividades de estudo, oficinas, debates e delibera\u00e7\u00f5es que permitem a viv\u00eancia e o aprofundamento do assunto. O programa \u00e9 promovido pela ALMG (Assembleia Legislativa de Minas Gerais), por meio da Escola do Legislativo, em parceria com as c\u00e2maras municipais e a PUC Minas.</div>\r\n</div>\r\n<div class=\"o9v6fnle cxmmr5t8 oygrvhab hcukyx3x c1et5uql ii04i59q\" style=\"text-align: justify; \">\r\n<div dir=\"auto\">A tem\u00e1tica atual \u00e9 Meio Ambiente e Desenvolvimento Sustent\u00e1vel. Os subtemas que orientam os estudos e debates s\u00e3o: Mudan\u00e7as clim\u00e1ticas e prote\u00e7\u00e3o da biodiversidade; Pr\u00e1ticas sustent\u00e1veis e desenvolvimento econ\u00f4mico e Recursos h\u00eddricos e saneamento b\u00e1sico.</div>\r\n</div>\r\n<div class=\"o9v6fnle cxmmr5t8 oygrvhab hcukyx3x c1et5uql ii04i59q\">\r\n<div dir=\"auto\" style=\"text-align: justify; \">Acompanhe a solenidade ao vivo pelo facebook da C\u00e2mara Municipal de Ub\u00e1!</div>\r\n</div>", "author_name": "jornalista", "version": "1.0", "author_url": "https://www.uba.mg.leg.br/author/jornalista", "provider_name": " ", "type": "rich"}