{"provider_url": "https://www.uba.mg.leg.br", "title": "Parlamento Jovem debate reforma da previd\u00eancia", "html": "<p><span>Os membros do Parlamento Jovem (PJ) de Ub\u00e1 se reuniram na \u00faltima sexta-feira, 24, no plen\u00e1rio da C\u00e2mara Municipal para a segunda reuni\u00e3o deste ano. A pauta do encontro foi a \u201creforma previdenci\u00e1ria\u201d, tema importante da agenda nacional e local, j\u00e1 que os estudantes est\u00e3o convivendo com manifesta\u00e7\u00f5es e greves nas escolas p\u00fablicas da cidade.</span></p>\r\n<p>Divididos em dois grupos, os jovens parlamentares pesquisaram na internet posicionamentos a<span class=\"text_exposed_show\">\u00a0favor e contra a reforma. Numa atividade bem din\u00e2mica, cada grupo defendeu em debate a opini\u00e3o pesquisada, invertendo depois o teor da pesquisa e defendendo o outro lado.\u00a0<br />Finalizados os debates, os jovens manifestaram aos demais a sua opini\u00e3o individual e confeccionaram cartazes apresentando esta opini\u00e3o. Em seguida, os membros do PJ, num ato pol\u00edtico, sa\u00edram em caminhada pelo centro da cidade, passando pela Avenida Cristiano Ro\u00e7as, Pra\u00e7a Guido Marliere, Cal\u00e7ad\u00e3o Deputado Ibrahim Jacob, Pra\u00e7a S\u00e3o Janu\u00e1rio, e retornando \u00e0 C\u00e2mara.</span></p>\r\n<div class=\"text_exposed_show\">\r\n<p>Parlamento Jovem de Minas</p>\r\n<p>O Parlamento Jovem de Minas \u00e9 um projeto de forma\u00e7\u00e3o pol\u00edtica destinada aos estudantes dos ensinos m\u00e9dio e superior dos munic\u00edpios mineiros, que cria para os jovens uma oportunidade de conhecer melhor a pol\u00edtica e os instrumentos de participa\u00e7\u00e3o no Poder Legislativo Municipal e Estadual.<br />O projeto existe desde 2004 e \u00e9 uma iniciativa da Assembleia Legislativa de Minas Gerais (ALMG), por meio da Escola do Legislativo (ELE), e a PUC Minas, por meio do Instituto de Ci\u00eancias Sociais (ICS) e da Pr\u00f3-reitoria de Extens\u00e3o (Proex).\u00a0<br />Este \u00e9 o segundo ano em que Ub\u00e1 participa do projeto, por meio da Escola do Legislativo da C\u00e2mara Municipal.</p>\r\n</div>", "author_name": "", "version": "1.0", "author_url": "https://www.uba.mg.leg.br/author/comunicacao", "provider_name": " ", "type": "rich"}