{"provider_url": "https://www.uba.mg.leg.br", "title": "Parlamento Jovem entra em a\u00e7\u00e3o na pr\u00f3xima semana", "html": "<p style=\"text-align: justify; \"><span>Ser\u00e1 realizado na C\u00e2mara Municipal de Ub\u00e1 no dia 20 de abril, \u00e0s 15h, o lan\u00e7amento da edi\u00e7\u00e3o de 2022 do Projeto Parlamento Jovem. Estudantes do ensino m\u00e9dio, indicados pelas Escolas da Rede P\u00fablica participar\u00e3o das atividades. A C\u00e2mara Municipal de Ub\u00e1 \u00e9 parceira desde 2016.</span></p>\r\n<p style=\"text-align: justify; \">\u00a0<span>Em 2021, o Parlamento Jovem de Minas completou 18 anos. Esse programa de forma\u00e7\u00e3o pol\u00edtica voltado aos estudantes do ensino m\u00e9dio dos munic\u00edpios mineiros cria a oportunidade de conhecer melhor a pol\u00edtica e os instrumentos de participa\u00e7\u00e3o no Poder Legislativo municipal e estadual.</span></p>\r\n<p style=\"text-align: justify; \">\u00a0<span>A cada ano, os jovens escolhem um tema de relev\u00e2ncia social e vivenciam atividades de estudo, debates e delibera\u00e7\u00e3o que contribuem para sua forma\u00e7\u00e3o pol\u00edtica.</span></p>\r\n<p style=\"text-align: justify; \">\u00a0<span>\u00c9 uma iniciativa da Assembleia Legislativa de Minas Gerais (ALMG), por meio da Escola do Legislativo (ELE), realizada em parceria com diversas c\u00e2maras municipais mineiras.</span></p>\r\n<p style=\"text-align: justify; \">\u00a0<span>O tema deste ano \u00e9 Sa\u00fade Mental do Jovem. Os subtemas abordados s\u00e3o: Pol\u00edticas p\u00fablicas de preven\u00e7\u00e3o e tratamento em sa\u00fade mental; Estrat\u00e9gias da comunidade para promo\u00e7\u00e3o da sa\u00fade mental; e Uso saud\u00e1vel das novas tecnologias.</span></p>\r\n<p style=\"text-align: justify; \"><b><br /> OBJETIVOS DO PJ MINAS</b></p>\r\n<p style=\"text-align: justify; \">Estimular a forma\u00e7\u00e3o pol\u00edtica e cidad\u00e3 de estudantes do ensino m\u00e9dio, por meio de atividades que os levem a compreender melhor a organiza\u00e7\u00e3o dos Poderes, especialmente do Legislativo, e a import\u00e2ncia da participa\u00e7\u00e3o popular no Parlamento.</p>\r\n<p style=\"text-align: justify; \">Incentivar o envolvimento das c\u00e2maras municipais em atividades de educa\u00e7\u00e3o para a cidadania e fortalecer o Legislativo municipal.</p>\r\n<p style=\"text-align: justify; \">Propiciar espa\u00e7o para viv\u00eancia em situa\u00e7\u00f5es de estudos e pesquisas, debates, negocia\u00e7\u00f5es e escolhas, respeitando-se as diferentes opini\u00f5es.</p>\r\n<p style=\"text-align: justify; \">Levar os jovens a se interessarem pela agenda sociopol\u00edtica de seu munic\u00edpio e pelo exerc\u00edcio da participa\u00e7\u00e3o democr\u00e1tica na discuss\u00e3o e decis\u00e3o de quest\u00f5es relevantes para a comunidade.</p>", "author_name": "", "version": "1.0", "author_url": "https://www.uba.mg.leg.br/author/comunicacao", "provider_name": " ", "type": "rich"}