{"provider_url": "https://www.uba.mg.leg.br", "title": "PJ EM CASA   ", "html": "<p align=\"center\" style=\"text-align: justify; \"><b><i>Adaptando-se \u00e0s regras de distanciamento social, as atividades presenciais do projeto Parlamento Jovem est\u00e3o suspensas. Mas as a\u00e7\u00f5es virtuais n\u00e3o!</i></b></p>\r\n<p align=\"center\" style=\"text-align: justify; \"><b><i>Compartilhamento de materiais, estudos, debates e \u2018lives\u2019 est\u00e3o sendo preparados!</i></b></p>\r\n<p style=\"text-align: justify; \">Sob a coordena\u00e7\u00e3o da Escola do Legislativo (EL) da C\u00e2mara Municipal de Ub\u00e1, os estudantes do ensino m\u00e9dio est\u00e3o convidados pelas redes sociais para participarem do PJ Minas-Ub\u00e1 2020, cujo tema \u00e9 Meio Ambiente e Desenvolvimento Sustent\u00e1vel. \u201cRealizar atividades, prosseguir com os estudos, \u00e9 uma das maneiras de enfrentarmos o isolamento de forma saud\u00e1vel e produtiva\u201d, ressalta o Diretor da EL, Juliano Nascimento Peixoto Guimar\u00e3es.</p>\r\n<p style=\"text-align: justify; \">Materiais virtuais ser\u00e3o enviados para que os jovens parlamentares estudem e pesquisem sobre o tema. \u201cE quando forem retomadas as atividades presenciais, todos j\u00e1 estar\u00e3o com muitas informa\u00e7\u00f5es para avan\u00e7armos no projeto\u201d, conclui Juliano.</p>\r\n<p style=\"text-align: justify; \">Para inscrever-se, entre em contato pelo n\u00famero (32)99967-1163.</p>\r\n<p style=\"text-align: justify; \">\u00a0</p>\r\n<p align=\"center\" style=\"text-align: justify; \"><b>Sobre o PJ</b></p>\r\n<p style=\"text-align: justify; \">\u00a0</p>\r\n<p style=\"text-align: justify; \">Em 2020, o Parlamento Jovem de Minas faz 17 anos. Esse programa de forma\u00e7\u00e3o pol\u00edtica voltado aos estudantes do ensino m\u00e9dio dos munic\u00edpios mineiros cria a oportunidade de conhecer melhor a pol\u00edtica e os instrumentos de participa\u00e7\u00e3o no Poder Legislativo municipal e estadual.</p>\r\n<p style=\"text-align: justify; \">A cada ano, os jovens escolhem um tema de relev\u00e2ncia social e vivenciam atividades de estudo, debates e delibera\u00e7\u00e3o que contribuem para sua forma\u00e7\u00e3o pol\u00edtica.</p>\r\n<p style=\"text-align: justify; \">\u00c9 uma iniciativa da Assembleia Legislativa de Minas Gerais (ALMG), por meio da Escola do Legislativo (ELE), realizada em parceria com diversas c\u00e2maras municipais mineiras.</p>\r\n<p align=\"center\" style=\"text-align: justify; \"><b><br /> Objetivos</b><span>\u00a0</span></p>\r\n<ul>\r\n<li style=\"text-align: justify; \">Estimular a forma\u00e7\u00e3o pol\u00edtica e cidad\u00e3 de estudantes do ensino m\u00e9dio, por meio de atividades que os levem a compreender melhor a organiza\u00e7\u00e3o dos Poderes, especialmente do Legislativo, e a import\u00e2ncia da participa\u00e7\u00e3o popular no Parlamento.</li>\r\n<li style=\"text-align: justify; \">Incentivar o envolvimento das c\u00e2maras municipais em atividades de educa\u00e7\u00e3o para a cidadania e fortalecer o Legislativo municipal.</li>\r\n<li style=\"text-align: justify; \">Propiciar espa\u00e7o para viv\u00eancia em situa\u00e7\u00f5es de estudos e pesquisas, debates, negocia\u00e7\u00f5es e escolhas, respeitando-se as diferentes opini\u00f5es.</li>\r\n<li style=\"text-align: justify; \">Levar os jovens a se interessarem pela agenda sociopol\u00edtica de seu munic\u00edpio e pelo exerc\u00edcio da participa\u00e7\u00e3o democr\u00e1tica na discuss\u00e3o e decis\u00e3o de quest\u00f5es relevantes para a comunidade.</li>\r\n</ul>", "author_name": "", "version": "1.0", "author_url": "https://www.uba.mg.leg.br/author/comunicacao", "provider_name": " ", "type": "rich"}