{"provider_url": "https://www.uba.mg.leg.br", "title": "Plen\u00e1ria Regional do Parlamento Jovem \u00e9 realizada na C\u00e2mara Municipal de Ub\u00e1", "html": "<p><span>A C\u00e2mara Municipal de Ub\u00e1 sediou, em 14 de agosto, a Plen\u00e1ria Regional do Projeto Parlamento Jovem de Minas (PJ) 2019, polo Capara\u00f3. O evento, que antecede a Etapa Estadual do PJ, contou com a presen\u00e7a de cerca de 160 pessoas incluindo estudantes de Ensino M\u00e9dio e representantes pol\u00edticos das cidades pertencentes ao polo que tamb\u00e9m \u00e9 composto por Paula C\u00e2ndido, Piedade de Ponte Nova, Piranga, Ponte Nova, Uruc\u00e2nia, Visconde do Rio Branco e Vi\u00e7osa.</span></p>\r\n<p>A abertura do encontro contou com a participa\u00e7\u00e3o do presidente da C\u00e2mara Municipal de Ub\u00e1 (CMU), vereador Jorge Custodio Gervasio. Al\u00e9m dele, participaram do evento, o presidente da Escola do Legislativo de Ub\u00e1, vereador Jos\u00e9 Roberto Reis Filgueiras, o segundo-secret\u00e1rio da CMU, vereador Luis Carlos Teixeira Ribeiro, e os vereadores, Darci Pires da Silva e Edeir Pacheco da Costa. Tamb\u00e9m estavam presentes, o presidente da C\u00e2mara Municipal de Vi\u00e7osa, vereador Ant\u00f4nio Elias Cardoso, a presidente da C\u00e2mara Municipal de Ponte Nova, vereadora Ana Maria Ferreira Proen\u00e7a, al\u00e9m de outros representantes das C\u00e2maras que integram o polo.</p>\r\n<p>Jorge Custodio Gervasio parabenizou a todos os estudantes presentes e agradeceu a oportunidade de a CMU sediar o evento.\u00a0 \u201cParabenizo a todos que est\u00e3o aqui, especialmente os estudantes, pois, a participa\u00e7\u00e3o de voc\u00eas \u00e9 de extrema import\u00e2ncia para que a gente possa discutir solu\u00e7\u00f5es em forma de leis, para ajudar pessoas que sofrem discrimina\u00e7\u00e3o, tanto f\u00edsica, quanto verbal, quanto racial. Agrade\u00e7o tamb\u00e9m a C\u00e2mara Municipal de Vi\u00e7osa por nos proporcionar este momento, trazendo este grande evento para a C\u00e2mara Municipal de Ub\u00e1\u201d, declarou.</p>\r\n<p>O presidente da C\u00e2mara Municipal de Vi\u00e7osa, Ant\u00f4nio Elias Cardoso ressaltou a satisfa\u00e7\u00e3o em ver o engajamento pol\u00edtico dos jovens. \u201c\u00c9 um enorme prazer olhar para voc\u00eas aqui, agora, e enxergar jovens t\u00e3o envolvidos, juntos em prol de mudan\u00e7as positiva no nosso Pa\u00eds\u201d, ressaltou.</p>\r\n<p>A presidente da C\u00e2mara Municipal de Ponte Nova, Ana Maria Ferreira Proen\u00e7a, falou sobre a import\u00e2ncia do envolvimento das c\u00e2maras municipais com os jovens, por meio do Parlamento Jovem. \u201cN\u00f3s n\u00e3o tivemos esta oportunidade, nunca vivemos uma experi\u00eancia como esta. A responsabilidade tanto nossa quanto destes estudantes \u00e9 bem grande. A escolha do tema foi \u00edmpar, sobre a discrimina\u00e7\u00e3o \u00e9tnico-racial, quero dizer aqui, convicta, mulher, negra e m\u00e3e de outro tipo de religi\u00e3o, existe todo tipo de\u00a0 discrimina\u00e7\u00e3o, e \u00e9 com muito prazer que digo que as propostas que voc\u00eas ir\u00e3o defender est\u00e3o diretamente ligadas a n\u00f3s e agrade\u00e7o a oportunidade de Ponte Nova participar deste importante projeto\u201d, disse.</p>\r\n<p>Durante a plen\u00e1ria, as propostas referentes ao tema \u201cDiscrimina\u00e7\u00e3o \u00e9tnico-racial\u201d que haviam sido priorizadas nos Grupos de Trabalho Regional, na semana anterior, voltaram a ser discutidas e votadas para que ao final fossem escolhidas sete propostas para serem defendidas na Etapa Estadual que ser\u00e1 realizada na Assembleia Legislativa de Minas Gerais, no per\u00edodo de 18 a 20 de setembro.</p>\r\n<p>A mesa diretora para a dire\u00e7\u00e3o dos trabalhos foi composta por seis estudantes. Eles foram os respons\u00e1veis por conduzir a discuss\u00e3o das propostas com os subtemas \u201cDesigualdades socioecon\u00f4micas\u201d, \u201cViol\u00eancias por motivos \u00e9tnico-raciais\u201d e \u201cDireito \u00e0s identidades e \u00e0 diversidade cultural\u201d. Algumas propostas que ser\u00e3o levadas \u00e0 Plen\u00e1ria Estadual s\u00e3o relacionadas a educa\u00e7\u00e3o, projetos sociais, al\u00e9m de empregos e amplia\u00e7\u00e3o de servi\u00e7os de den\u00fancias.</p>\r\n<p>Os estudantes tamb\u00e9m votaram as sugest\u00f5es do tema para o pr\u00f3ximo ano, apresentadas pelas cidades que integram o polo, sendo o escolhido: \u201cCombate a homofobia\u201d, sugerido pela cidade de Ponte Nova. O tema ser\u00e1 novamente levado para vota\u00e7\u00e3o na Etapa Estadual.</p>\r\n<p>E por fim, foram votados os representantes de cada munic\u00edpio que ir\u00e3o participar da etapa estadual, e o Parlamento Jovem de Ub\u00e1 ser\u00e1 representado pelas estudantes Sara Isabelle Olympio Soares e Sarah Cardoso Bragine Ferreira.</p>\r\n<p>\u00a0</p>", "author_name": "", "version": "1.0", "author_url": "https://www.uba.mg.leg.br/author/comunicacao", "provider_name": " ", "type": "rich"}