{"provider_url": "https://www.uba.mg.leg.br", "title": "Poder Legislativo homenageia l\u00edderes comunit\u00e1rios de 2022", "html": "<p>A C\u00e2mara Municipal de Ub\u00e1 em parceria com a Federa\u00e7\u00e3o Municipal das Associa\u00e7\u00f5es Comunit\u00e1rias dos Bairros e Distritos de Ub\u00e1 (Femac) realizou, em 20 de maio, a solenidade de entrega do diploma de L\u00edder Comunit\u00e1rio de 2022. Esta sess\u00e3o solene decorre da decis\u00e3o dos vereadores, em conformidade com a Lei Municipal 2.844, de 10 de novembro de 1998, e dando cumprimento ao que disp\u00f5e a Resolu\u00e7\u00e3o n\u00ba 1 de 1999, de autoria dos vereadores \u00e0 \u00e9poca Fernando Ant\u00f4nio Fagundes Reis e Itamar dos Santos, aprovada por unanimidade.</p>\r\n<p>Participaram do evento e compuseram a Mesa Diretora o presidente da C\u00e2mara Municipal de Ub\u00e1, vereador Jos\u00e9 Roberto Reis Filgueiras; a primeira secret\u00e1ria, vereadora Aline Moreira Silva Melo; os vereadores C\u00e9lio Lopes dos Santos, Jos\u00e9 Carlos Reis Pereira e Jos\u00e9 Maria Fernandes; o coordenador da Femac, M\u00e1rio \u00c2ngelo No\u00e9; o prefeito Municipal de Ub\u00e1, Edson Teixeira Filho; o comandante da 35\u00aa Companhia de Pol\u00edcia Militar de Minas Gerais, capit\u00e3o PM Nelande C\u00e9sar Garcia Stambassi; o tenente BM Alexandre Lima Fagundes, representando o comandante da 2\u00aa Companhia de Bombeiros Militar de Minas Gerais; a vice-presidente da 30\u00aa Subse\u00e7\u00e3o de Ub\u00e1 da OAB/MG, Mar\u00edlia Sant\u2019Ana Haikal; o ex-prefeito de Ub\u00e1 e ex-deputado estadual Dirceu dos Santos Ribeiro; e o vereador da cidade de Rodeiro, Gilson Corr\u00eaa das Neves.<br /> Os hinos Nacional e de Ub\u00e1 e a m\u00fasica Aquarela do Brasil foram executados pelo maestro Wantuil Alexandre, e pela musicista Tatiane Andrade.</p>\r\n<p>Vinte e quatro lideran\u00e7as foram homenageadas com o diploma, escolhidas por suas respectivas associa\u00e7\u00f5es de moradores, em reconhecimento aos relevantes servi\u00e7os prestados em benef\u00edcio das comunidades onde est\u00e3o inseridas. S\u00e3o elas:<br />Ad\u00edlio Coelho - Bairro S\u00e3o Domingos<br />Andr\u00e9 Luiz Leite \u2013 Bairro Schiavon<br />Angelo Camillotto Filho \u2013 Bairro Santa Bernadete<br />Ant\u00f4nio Carlos Purcino \u2013 bairro Antonina Coelho (Cohab)<br />Ant\u00f4nio C\u00e9lio Barbosa \u2013 Bairro Agroceres<br />Ant\u00f4nio Pereira Nascimento \u2013 Bairro Vila Casal<br />Cl\u00e1udio Roberto Ferreira de Paula \u2013 Distrito de Ubari<br />Claugo Marcos Barbosa \u2013 Bairro Chiquito Gazolla<br />Edn\u00e9ia Barbosa da Silva \u2013 Ub\u00e1 Pequeno<br />Franciane Virginia dos Santos Dias \u2013 Bairro Solar de Ub\u00e1 <br />Francisco de Assis Carneiro \u2013 Bairro Cristo Redentor<br />Irene Tomaz Neves \u2013 Barrinha <br />J\u00e9sus de Paula Lima \u2013 Bairro Santa Alice<br />Jo\u00e3o Elias Reis \u2013 Bairro Primavera<br />Joaquim Correia das Neves \u2013 Bairro Meu Sonho<br />Joel Aparecido Alves Ramos \u2013 Diamante de Ub\u00e1<br />Jos\u00e9 Carlos Quirino \u2013 Distrito da Miragaia<br />J\u00fania de Jesus Santos Esp\u00edndola \u2013 Bairro S\u00e3o Mateus<br />M\u00e1rcia Maria Andrade da Silva - Bairro S\u00e3o Jo\u00e3o<br />Rom\u00e1rio Tavares Santos \u2013 Bairro Fazendinha<br />Rosimar Honorato da Silva \u2013 Bairro Nova Olinda<br />Silma Albino \u2013 Bairro Paulino Fernandes<br />S\u00f4nia Maria Jacob Rodrigues \u2013 Centro<br />Waltencir Alves Manoel Ramos \u2013 Bairro Peluso<br /> <br />O coordenador da Femac, M\u00e1rio Angelo No\u00e9, em seu discurso falou sobre a import\u00e2ncia de ser um l\u00edder comunit\u00e1rio.<br />Em seu pronunciamento, o prefeito de Ub\u00e1, Edson Teixeira Filho, enfatizou o trabalho das lideran\u00e7as comunit\u00e1rias, muitas vezes de forma an\u00f4nima, sem maiores pretens\u00f5es, a n\u00e3o ser servir a sociedade.</p>\r\n<p>O presidente da C\u00e2mara de Ub\u00e1, vereador Jos\u00e9 Roberto Reis Filgueiras, destacou o papel do l\u00edder comunit\u00e1rio e a sua responsabilidade na comunidade. \u201cEu sei o quanto \u00e9 dif\u00edcil estar \u00e0 frente de uma comunidade porque, antes de ser vereador, eu j\u00e1 vivi a experi\u00eancia de ser presidente da Associa\u00e7\u00e3o de Moradores do bairro Schiavon. Confesso a voc\u00eas que \u00e9 uma responsabilidade enorme e que me deu muita experi\u00eancia para que eu possa, hoje, exercer minha verean\u00e7a da melhor forma poss\u00edvel. Voc\u00eas t\u00eam sim um papel essencial em suas comunidades e o trabalho de voc\u00eas muito nos orgulha. E se orgulha todos n\u00f3s aqui na C\u00e2mara Municipal, quem dir\u00e1 os moradores que acompanham diariamente a luta de voc\u00eas nas comunidades\u201d, afirmou.<br />Ainda segundo o presidente, cada uma das vinte e quatro Lideran\u00e7as Comunit\u00e1rias j\u00e1 tem uma linda hist\u00f3ria para contar. \u201cE esta hist\u00f3ria \u00e9 tamb\u00e9m uma hist\u00f3ria de vida por nossa querida e amada Ub\u00e1. Este diploma que voc\u00eas receberam constitui-se n\u00e3o apenas no reconhecimento da comunidade, mas tamb\u00e9m um est\u00edmulo para que novas lideran\u00e7as comunit\u00e1rias possam surgir e nos ajudarem a fazer de Ub\u00e1 um local ainda melhor de se viver. A todos os l\u00edderes comunit\u00e1rios, os meus parab\u00e9ns\u201d, finalizou Jos\u00e9 Roberto.</p>", "author_name": "", "version": "1.0", "author_url": "https://www.uba.mg.leg.br/author/comunicacao", "provider_name": " ", "type": "rich"}