{"provider_url": "https://www.uba.mg.leg.br", "title": "Poder Legislativo homenageia Mulheres de destaque em Ub\u00e1", "html": "<p align=\"center\" style=\"text-align: justify; \"><span>O Poder Legislativo Ubaense se reuniu na noite de 11 de mar\u00e7o, em Sess\u00e3o Extraordin\u00e1ria, no plen\u00e1rio da C\u00e2mara Municipal, para homenagear, com o Diploma \u201cMulher 2022\u201d, oito\u00a0mulheres que se destacam pelo trabalho que realizam, pelo seu carisma ou por sua participa\u00e7\u00e3o na comunidade.</span></p>\r\n<p style=\"text-align: justify; \">A sess\u00e3o \u00e9 realizada em cumprimento \u00e0 Lei Municipal n\u00ba 3.445, de 14 de abril de 2005, proveniente do projeto de autoria do vereador, \u00e0 \u00e9poca, Maur\u00edcio Valad\u00e3o Reim\u00e3o de Melo (Dr. Valad\u00e3o), aprovado pelo plen\u00e1rio, que \u201cInstitui, no \u00e2mbito do Munic\u00edpio de Ub\u00e1, a Homenagem ao Dia Internacional da Mulher\u201d.</p>\r\n<p style=\"text-align: justify; \">Estiveram presentes, prestigiando suas respectivas homenageadas e o evento, os vereadores: Jos\u00e9 Roberto Reis Filgueiras (Presidente da C\u00e2mara Municipal de Ub\u00e1), Edeir Pacheco da Costa (Vice-Presidente), Aline Moreira Silva Melo (Secret\u00e1ria), C\u00e9lio Lopes dos Santos, Gilson Fazolla Filgueiras, Jane Cristina Lacerda Pinto, Jos\u00e9 Carlos Reis Pereira e Jos\u00e9 Damato Neto.</p>\r\n<p style=\"text-align: justify; \">A mesa diretora da sess\u00e3o ainda foi composta por outras autoridades presentes: o Prefeito Edson Teixeira Filho, a Promotora de Justi\u00e7a Dra. Let\u00edcia Vidal Tr\u00f3ccoli Guerra de Oliveira, o Comandante da 2\u00aa Cia de Bombeiros Militares, Capit\u00e3o BM Carlos Eduardo Guilarducci Fonseca, e a Coordenadora das Comiss\u00f5es Permanentes da 30\u00aa Subse\u00e7\u00e3o de Ub\u00e1 da OAB-MG, Dra. Vera L\u00facia Andrade Motta Mendes e Silveira.</p>\r\n<p style=\"text-align: justify; \">O evento foi abrilhantado com n\u00fameros musicais escolhidos especialmente para a ocasi\u00e3o. A cantora Martinha Cunha, acompanhada ao saxofone pelo Maestro Wantuil Alexandre, e ao teclado pela musicista Tatiane Andrade, entoou lindamente o Hino Nacional Brasileiro. Na sequ\u00eancia, o Hino de Ub\u00e1 e a m\u00fasica Aquarela do Brasil foram executados em saxofone e teclado, e, por fim, Martinha emocionou o p\u00fablico presente ao cantar a m\u00fasica \u201cMulher Vitoriosa\u201d, da cantora gospel Eyshila.</p>\r\n<p style=\"text-align: justify; \">As homenageadas receberam os diplomas das m\u00e3os dos vereadores que as indicaram, al\u00e9m de flores entregues pelas autoridades presentes, oferecidas tamb\u00e9m pelo Poder Legislativo, em refer\u00eancia ao transcurso do Dia Internacional da Mulher. Todas elas t\u00eam papel relevante em nossa comunidade, e o an\u00fancio de cada uma para receber seu diploma foi precedido da leitura de fatos que justificam as indica\u00e7\u00f5es. As agraciadas com o Diploma \u201cMulher 2022\u201d s\u00e3o:</p>\r\n<ul style=\"text-align: justify; \">\r\n<li>Pastora Eunice Pires da Silva, indicada pela Vereadora Aline Moreira Silva Melo.</li>\r\n<li>Sra. Terezinha Louren\u00e7o, indicada pelo vereador C\u00e9lio Lopes dos Santos.</li>\r\n<li>Sra. Clarissa Machado Fel\u00edcio, indicada pelo Vereador Edeir Pacheco da Costa.</li>\r\n<li>Sra. Maria da Concei\u00e7\u00e3o Tolentino Pereira, indicada pelo Vereador Gilson Fazolla Filgueiras.</li>\r\n<li>Sra. Andreza Fernandes Gazolla, indicada pela Vereadora Jane Cristina Lacerda Pinto.</li>\r\n<li>Sra. Ondina Alves Flausino, indicada pelo vereador Jos\u00e9 Carlos Reis Pereira.</li>\r\n<li>Sra. Fab\u00edola Pereira Vieira Rinaldi, indicada pelo Vereador Jos\u00e9 Damato Neto.</li>\r\n<li>Mission\u00e1ria Maria Elisabete Paula Baz\u00edlio, indicada pelo presidente desta Casa, Vereador Jos\u00e9 Roberto Reis Filgueiras.</li>\r\n</ul>\r\n<p style=\"text-align: justify; \">\u00a0</p>\r\n<p style=\"text-align: justify; \">Em seu pronunciamento, o Prefeito Edson Teixeira Filho destacou a iniciativa dos vereadores pelo reconhecimento \u00e0s homenageadas e agradeceu pelo que elas representam no munic\u00edpio e na sociedade: \u201cA gente ouvia dizer em outras \u00e9pocas que nada substitui o talento. Eu diria mais: nada substitui a mulher. Cada uma com sua dedica\u00e7\u00e3o, cada uma com sua forma de enfrentar a vida e de ajudar seus familiares, seus amigos, e a sociedade como um todo\u201d.</p>\r\n<p style=\"text-align: justify; \">Edson ressaltou a participa\u00e7\u00e3o feminina no enfrentamento \u00e0 pandemia, em seus lares, nos hospitais, postos de sa\u00fade, nas cl\u00ednicas, nas escolas. \u201cA nossa homenagem a todas elas aqui representadas por essas oito mulheres que recebem da C\u00e2mara Municipal esse Diploma, sendo reconhecidas no Dia Internacional da Mulher como representantes da nossa sociedade\u201d.</p>\r\n<p style=\"text-align: justify; \">J\u00e1 o Presidente da C\u00e2mara, vereador Jos\u00e9 Roberto Reis Filgueiras, trouxe para seu humanizado e emocionante pronunciamento, pessoas e fatos bem espec\u00edficos do Poder Legislativo Ubaense.</p>\r\n<p style=\"text-align: justify; \">\u201cAntes de mais nada quero dizer que, para mim, estes momentos deveriam ser sempre eternizados nos anais desta Casa porque representam a valoriza\u00e7\u00e3o do trabalho de pessoas important\u00edssimas em nossa sociedade, que s\u00e3o voc\u00eas, Mulheres.</p>\r\n<p style=\"text-align: justify; \">A C\u00e2mara Municipal de Ub\u00e1, em seus mais de 100 anos de exist\u00eancia, foi o espelho de diversas altera\u00e7\u00f5es na sociedade ubaense. Se no in\u00edcio do s\u00e9culo passado era imposs\u00edvel a participa\u00e7\u00e3o da mulher at\u00e9 mesmo no debate pol\u00edtico, nos dias atuais temos tr\u00eas mulheres exercendo a Verean\u00e7a e, por muitos mandatos, a ex-Vereadora Ros\u00e2ngela Alfenas comandou com maestria esta Casa, eternizando e dignificando ainda mais o papel da mulher ubaense tamb\u00e9m no cen\u00e1rio pol\u00edtico. Sem d\u00favidas o mundo mudou e, com ele, uma s\u00e9rie de paradigmas e preconceitos vem caindo por terra. Dia ap\u00f3s dia.</p>\r\n<p style=\"text-align: justify; \">Eu tenho certeza de que as Vereadoras Aline Moreira Silva Melo, Aparecida S\u00f4nia Ferreira Vidal (Soninha) e Jane Cristina Lacerda Pinto s\u00e3o uma refer\u00eancia para v\u00e1rias outras mulheres que querem conquistar seu espa\u00e7o de destaque, seja na pol\u00edtica ou em qualquer outro ramo. Isto \u00e9 fruto do importante trabalho que realizam aqui na C\u00e2mara Municipal.</p>\r\n<p style=\"text-align: justify; \">Mas n\u00e3o quero aqui falar apenas das nossas Vereadoras. Hoje, aqui na C\u00e2mara Municipal, diversos s\u00e3o os setores em que as mulheres chefiam ou tem papel preponderante para o andamento dos trabalhos. Nada \u00e9 por acaso. Isto \u00e9 fruto de merecimento e todas elas chegaram at\u00e9 aqui por suas qualidades profissionais. A C\u00e2mara Municipal \u00e9 mais uma prova de que nossa sociedade evolui com muito mais rapidez quando a mulher se torna protagonista de sua pr\u00f3pria hist\u00f3ria e atua diretamente na constru\u00e7\u00e3o de um mundo melhor\u201d.<b><span></span></b></p>\r\n<p style=\"text-align: justify; \">Em seguida, Jos\u00e9 Roberto convidou \u00e0 frente do Plen\u00e1rio, as servidoras da C\u00e2mara presentes \u00e0 sess\u00e3o, surpreendendo-as com buqu\u00eas de flores, \u201ccomo forma de reconhecimento e gratid\u00e3o, em nome de todos n\u00f3s do Poder Legislativo Ubaense pelo excelente trabalho que exercem nesta Casa\u201d, disse o Presidente, conclamando ao p\u00fablico uma salva de palmas a elas, que s\u00e3o: Dan\u00fabia de Castro Gon\u00e7alves Mota (Assessora de Comunica\u00e7\u00e3o), Edna L\u00facia Pinto de Abreu (Assessora Administrativa), Gisele Caires Fernandes (Jornalista), Juliana Jacob (Procuradora-Geral), e Karla Maria Sartori (Assessora de Cerimonial e Eventos).</p>\r\n<p style=\"text-align: justify; \">E continuou o Presidente: \u201cNas pessoas delas, quero agradecer as demais servidoras da C\u00e2mara Municipal que neste momento n\u00e3o se fazem presentes, mas tamb\u00e9m se destacam pelo brilhante trabalho que exercem. S\u00e3o elas: Ariadna Zonta Rodrigues, Bruna Mariana Tito, Cl\u00e1udia Pereira da Fonseca, Denize Batista, Diana Pereira da Silva Santos, Gabriela Dahir dos Santos, Gabriela Martins Cancela, Luany Calderano de Souza Silva, M\u00e1rcia Reis Botelho Cond\u00e9 e Norma Sueli Pereira Nascimento.</p>\r\n<p style=\"text-align: justify; \">Aproveito e estendo esta singela homenagem as j\u00e1 citadas Vereadoras Aline Moreira Silva Melo, Aparecida S\u00f4nia Ferreira Vidal (Soninha) e Jane Cristina Lacerda Pinto. O trabalho que voc\u00eas desempenham engrandece e muito a C\u00e2mara Municipal de Ub\u00e1.</p>\r\n<p style=\"text-align: justify; \">Por fim, gostaria de externar meu desejo para que dias como o de hoje n\u00e3o sejam apenas comemorativos, mas que lutemos por uma sociedade na qual mulheres de fibra como essas que foram agora citadas, tenham mais condi\u00e7\u00f5es de conquistar espa\u00e7o, voz e vez. Assim sendo, deixo aqui minha \u00faltima mensagem a todas voc\u00eas: Mulheres, saibam que voc\u00eas ser\u00e3o sempre s\u00edmbolo de vida, beleza, sensibilidade e coragem. Obrigado por tudo que representam!\u201d</p>", "author_name": "", "version": "1.0", "author_url": "https://www.uba.mg.leg.br/author/comunicacao", "provider_name": " ", "type": "rich"}