{"provider_url": "https://www.uba.mg.leg.br", "title": "Poder Legislativo homenageia onze mulheres ", "html": "<p class=\"western\" style=\"text-align: justify; \"><span>O Poder Legislativo Ubaense se reuniu, em Sess\u00e3o Extraordin\u00e1ria, no plen\u00e1rio\u00a0da\u00a0C\u00e2mara Municipal de Ub\u00e1, na noite de 15 de mar\u00e7o, para homenagear onze mulheres com o Diploma Mulher 2019. A solenidade foi realizada em acatamento a Lei Municipal n\u00ba 3.445, de 14 de abril de 2005, proveniente do Projeto de Lei, de autoria do Vereador Maur\u00edcio Valad\u00e3o Reim\u00e3o de Melo (Dr. Valad\u00e3o), instituindo, no \u00e2mbito do Munic\u00edpio de Ub\u00e1, a Homenagem ao Dia Internacional da Mulher\u201d, comemorado do dia 8 de mar\u00e7o.</span></p>\r\n<p class=\"western\" style=\"text-align: justify; \">A t\u00f4nica de todos os pronunciamentos foi a lembran\u00e7a das lutas e das conquistas dos movimentos feministas e pelos direitos da mulher ao longo dos anos, no Brasil e no mundo, e a observa\u00e7\u00e3o de que ainda h\u00e1 muito que ser conquistado, pois as mulheres ainda s\u00e3o v\u00edtimas de discrimina\u00e7\u00f5es e preconceitos.</p>\r\n<p class=\"western\" style=\"text-align: justify; \">Em seu pronunciamento, o presidente da C\u00e2mara Municipal de Ub\u00e1 (CMU), vereador Jorge Cust\u00f3dio Gerv\u00e1sio, destacou o papel da mulher na constru\u00e7\u00e3o de um mundo cada dia mais justo e igualit\u00e1rio.</p>\r\n<p class=\"western\" style=\"text-align: justify; \">A sess\u00e3o contou tamb\u00e9m com a apresenta\u00e7\u00e3o da violinista Rayssa da Costa Pereira e do \u201cCoral Madrigal Nossa Voz\u201d, do Conservat\u00f3rio Estadual de M\u00fasica Professor Theodolindo Jos\u00e9 Soares.</p>\r\n<p class=\"western\" style=\"text-align: justify; \">HOMENAGEADAS</p>\r\n<p class=\"western\" style=\"text-align: justify; \">As homenageadas receberam, da C\u00e2mara, um diploma alusivo \u00e0 data e um buqu\u00ea de rosas entregue pelos vereadores. S\u00e3o elas:</p>\r\n<p class=\"western\" style=\"text-align: justify; \">\u00a0- Maria Aparecida Lopes Greg\u00f3rio indicada pelo Vereador Alexandre de Barros Mendes;</p>\r\n<p class=\"western\" style=\"text-align: justify; \">\u00a0- Catarina Sena Oliveira, indicada pelo Vereador Antero Gomes de Aguiar. \u00a0</p>\r\n<p class=\"western\" style=\"text-align: justify; \">- Angela Cristina Avelar Sim\u00f5es, indicada pelo vereador Darci Pires da Silva;</p>\r\n<p class=\"western\" style=\"text-align: justify; \">\u00a0\u00a0- Celsiane de Souza Lima, indicada pelo Vereador Edeir Pacheco da Costa;</p>\r\n<p class=\"western\" style=\"text-align: justify; \">\u00a0- Maria da Gl\u00f3ria de Souza Pinto, indicada pelo Vereador Gilson Fazolla Filgueiras;</p>\r\n<p class=\"western\" style=\"text-align: justify; \">\u00a0- Karla Maria Sartori, indicada pela Vereadora Jane Cristina Lacerda;</p>\r\n<p class=\"western\" style=\"text-align: justify; \">\u00a0- Edna L\u00facia Pinto de Abreu, indicada pelo presidente da Casa, vereador Jorge Cust\u00f3dio Gerv\u00e1sio;</p>\r\n<p class=\"western\" style=\"text-align: justify; \">\u00a0- Maria da Silva Cruz, indicada pelo vereador Jos\u00e9 Roberto Reis Filgueiras;</p>\r\n<p class=\"western\" style=\"text-align: justify; \">\u00a0- Andr\u00e9ia M\u00e1rcia da Costa, indicada pela Vereador Joseli An\u00edsio Pinto;</p>\r\n<p class=\"western\" style=\"text-align: justify; \">\u00a0- Maria Ermita Alfenas Pacheco indicada pelo Vereador Luis Carlos Teixeira Ribeiro e</p>\r\n<p class=\"western\" style=\"text-align: justify; \">\u00a0- Maria Let\u00edcia Mendon\u00e7a Maciel, indicada pela vereadora Ros\u00e2ngela Maria Alfenas de Andrade.</p>\r\n<p style=\"text-align: justify; \">COMPOSI\u00c7\u00c3O DA MESA</p>\r\n<p class=\"western\" style=\"text-align: justify; \">A reuni\u00e3o foi aberta pelo presidente da CMU, vereador Jorge Cust\u00f3dio Gerv\u00e1sio. Tamb\u00e9m compuseram a mesa dos trabalhos o vice-presidente, vereador Jos\u00e9 Roberto Reis Filgueiras; o secret\u00e1rio, vereador Joseli An\u00edsio Pinto; as vereadoras Jane Cristina Lacerda Pinto e Ros\u00e2ngela Maria Alfenas de Andrade, e os vereadores Alexandre de Barros Mendes; Antero Gomes de Aguiar; Darci Pires da Silva; Edeir Pacheco da Costa; Gilson Fazolla Filgueiras; e Luiz Carlos Teixeira Ribeiro.</p>\r\n<p class=\"western\" style=\"text-align: justify; \">O prefeito de Ub\u00e1, Edson Teixeira Filho e o coordenador da Federa\u00e7\u00e3o Municipal das Associa\u00e7\u00f5es Comunit\u00e1rias, Bairros e Distritos de Ub\u00e1 (Femac), M\u00e1rio \u00c2ngelo N\u00f3e, tamb\u00e9m compuseram a mesa da solenidade.</p>\r\n<p style=\"text-align: justify; \">SIGNIFICADO DA DATA</p>\r\n<p style=\"text-align: justify; \">No dia 8 de mar\u00e7o de 1857, 129 tecel\u00e3s da F\u00e1brica de Tecidos Cotton, em Nova York, que estavam em greve pela redu\u00e7\u00e3o da jornada de trabalho de 14 para 10 horas di\u00e1rias, na primeira greve norte-americana conduzida unicamente por mulheres, foram duramente reprimidas pela pol\u00edcia e se refugiaram nas depend\u00eancias da f\u00e1brica. Os patr\u00f5es e a pol\u00edcia trancaram os port\u00f5es e atearam foto no pr\u00e9dio, matando asfixiadas e carbonizadas as 129 oper\u00e1rias. Devido a este fato, desde 1911 o Dia Internacional da Mulher \u00e9 comemorado no dia 8 de mar\u00e7o.</p>", "author_name": "", "version": "1.0", "author_url": "https://www.uba.mg.leg.br/author/comunicacao", "provider_name": " ", "type": "rich"}