{"provider_url": "https://www.uba.mg.leg.br", "title": "Realizada a plen\u00e1ria regional do Parlamento Jovem de 2023", "html": "<p>Dezenas de estudantes das cidades de Ub\u00e1, Visconde do Rio Branco, Coimbra, Paula C\u00e2ndido e Vi\u00e7osa, que integram o polo Zona da Mata Norte, \u00a0participaram, em 04 de agosto, na C\u00e2mara Municipal de Ub\u00e1, da plen\u00e1ria regional do Parlamento Jovem de 2023.</p>\r\n<p>Compuseram a mesa, o presidente da C\u00e2mara Municipal de Ub\u00e1, vereador Jos\u00e9 Roberto Reis Filgueiras, os vereadores C\u00e9lio Lopes dos Santos, Jos\u00e9 Carlos Reis Pereira e Jos\u00e9 Maria Fernandes. Al\u00e9m deles, o presidente da C\u00e2mara Municipal de Coimbra, vereador Maciel de Freitas Silva Braga, o presidente da C\u00e2mara Municipal de Paula C\u00e2ndido, vereador Revelino Henrique de Lana, os vereadores de Paula C\u00e2ndido, Rogerio Cardoso Diniz, Ildeu de Souza Santos, Marcelo dos Santos Ven\u00e2ncio e Francislaine Aparecida Emiliano, e o vereador e coordenador Geral da Escola do Legislativo de Vi\u00e7osa, Bartom\u00e9lio da Silva Martins.</p>\r\n<p>Na abertura, as autoridades deram as boas-vindas aos estudantes e falaram da import\u00e2ncia do projeto para cada munic\u00edpio. Os coordenadores de cada cidade participante e a coordenadora Pedag\u00f3gica do Polo, Patr\u00edcia Machado Gomes, acompanharam as atividades ao longo do dia, dando suporte aos estudantes na realiza\u00e7\u00e3o da plen\u00e1ria. O monitor da Escola do Legislativo de Vi\u00e7osa, Pedro Emanuel Gon\u00e7alves Ribeiro, coordenou a din\u00e2mica de vota\u00e7\u00e3o na plen\u00e1ria, acompanhando do monitor Caique Alves Faustino.</p>\r\n<p>Ainda na plen\u00e1ria regional, ap\u00f3s a escolha dos coordenadores e dos suplentes de cada subtema, os alunos debateram as propostas apresentadas, fruto de seus projetos nas plen\u00e1rias municipais.\u00a0</p>\r\n<p>A pr\u00f3xima etapa acontece nesta semana, os estudantes ter\u00e3o que responder um formul\u00e1rio on-line, que j\u00e1 est\u00e1 dispon\u00edvel na plataforma e escolher uma proposta, de cada um dos tr\u00eas subtemas, para representar o Polo Zona da Mata Norte, na plen\u00e1ria estadual, que ser\u00e1 realizada em setembro, na Assembleia Legislativa de Minas Gerais, em Belo Horizonte.</p>\r\n<p>O tema do Parlamento Jovem de 2023 \u00e9:\u00a0 \u201cJovem e mercado de trabalho\u201d. E os subtemas s\u00e3o: Desenvolvimento econ\u00f4mico e gera\u00e7\u00e3o de trabalho; Escolaridade e qualifica\u00e7\u00e3o profissional; e Jovens em situa\u00e7\u00e3o de vulnerabilidade e inclus\u00e3o no trabalho.</p>\r\n<p>O\u00a0Parlamento Jovem de Minas\u00a0\u00e9 um programa de\u00a0forma\u00e7\u00e3o pol\u00edtica dos\u00a0estudantes do ensino m\u00e9dio. Nele, o jovem conhece a pol\u00edtica e as formas de participa\u00e7\u00e3o nos Legislativos municipal e estadual. \u00c9 uma iniciativa da ALMG, por meio da sua Escola do Legislativo. As cidades participam por meio de suas c\u00e2maras municipais,\u00a0que s\u00e3o as parceiras do programa. A a\u00e7\u00e3o tem o apoio da\u00a0PUC Minas.</p>", "author_name": "", "version": "1.0", "author_url": "https://www.uba.mg.leg.br/author/comunicacao", "provider_name": " ", "type": "rich"}