{"provider_url": "https://www.uba.mg.leg.br", "title": "Realizada a primeira reuni\u00e3o ordin\u00e1ria de 2018", "html": "<p>Os vereadores da C\u00e2mara Municipal de Ub\u00e1 ap\u00f3s o recesso de janeiro retornaram \u00e0s reuni\u00f5es ordin\u00e1rias, na noite de segunda-feira (5). Durante a sess\u00e3o, foram apresentados e aprovados 12 indica\u00e7\u00f5es e 3 requerimentos. Estavam presentes todos os vereadores, com exce\u00e7\u00e3o do vice-presidente da CMU, vereador Edeir Pacheco da Costa, ausente por motivo de sa\u00fade, tendo sido substitu\u00eddo pelo seu suplente, Edvar Miquelito (Tim da Carbox).</p>\r\n<p>Dentre as indica\u00e7\u00f5es \u00e0 Prefeitura est\u00e3o: asfaltamento das rua S\u00e3o Pedro e Expedicion\u00e1rio Rui Balbi, ambas localizadas no Bairro Industrial. Tamb\u00e9m foram solicitados \u00e0 Prefeitura o cal\u00e7amento de logradouros das ruas Cristiano Rodrigues Mota J\u00fanior, Maria do Carmo Biquita e Maria Jaqueline Marques Mota, localizadas no Bairro Fazendinha III.</p>\r\n<p>Outra indica\u00e7\u00e3o enviada ao Executivo foi para a constru\u00e7\u00e3o de passarelas elevadas na rua Coronel Otaviano da Rocha, no bairro S\u00e3o Domingos, nas proximidades dos n\u00fameros 185 e 387 e nas entradas das ruas Milton Chinelo e Claudionor Proc\u00f3pio de S\u00e1, a fim de garantir maior seguran\u00e7a aos alunos que se direcionam at\u00e9 as escolas localizadas no Bairro Eldorado.</p>\r\n<p>Para o bairro Agroceres foi solicitada a instala\u00e7\u00e3o de postes nas ruas Ceci Per\u00f3n e Irm\u00e3os Per\u00f3n. Tamb\u00e9m foi indicada a constru\u00e7\u00e3o de um passeio entre os n\u00fameros 357 e 373 da Rua Francisco de Paula Ribeiro, Bairro Eldorado, em frente \u00e0 \u00e1rea verde pertencente ao munic\u00edpio.</p>\r\n<p>Ao prefeito tamb\u00e9m foi solicitada a demarca\u00e7\u00e3o de garagem ao lado do n\u00ba 50 da Rua Belo Horizonte, no bairro S\u00e3o Domingos, devido \u00e0 entrada e sa\u00edda de ve\u00edculos. E a coloca\u00e7\u00e3o de uma placa \u201cproibido jogar lixo\u201d em frente ao n\u00ba 219, e a limpeza e capina, ambas localizadas na Rua Maria Duarte Cancela, no bairro Antonina Coelho (Cohab).</p>\r\n<p>Al\u00e9m disso, os vereadores solicitaram uma opera\u00e7\u00e3o tapa buracos em toda a extens\u00e3o da Rua Jos\u00e9 Augusto Marcos, no Bairro Ponte Preta e o conserto das manilhas nas proximidades da Fazenda dos Rezende, situada no sentido Bairro Palmeiras at\u00e9 a Parada Moreira.</p>\r\n<p>REQUERIMENTOS</p>\r\n<p>Os vereadores solicitaram ao prefeito, por meio de requerimentos, a revitaliza\u00e7\u00e3o da Pra\u00e7a Francisco Parma, no Bairro Industrial. Uma reforma geral com a coloca\u00e7\u00e3o de corrim\u00e3o em toda a extens\u00e3o dos escad\u00f5es localizados nas Travessas Albertino Ludovino Filho e Benedito Muniz dos Santos, no Bairro Waldemar de Castro. E opera\u00e7\u00e3o tapa buracos na Rua Marieta Augusta Silva Marcos, no Bairro Olaria, sendo um em frente ao n\u00ba 51 e outro ao n\u00ba 241.</p>\r\n<p>Acompanhe as sess\u00f5es plen\u00e1rias da C\u00e2mara Municipal de Ub\u00e1, todas as segundas-feiras, \u00e0s 19h. As reuni\u00f5es s\u00e3o abertas \u00e0 popula\u00e7\u00e3o e transmitidas ao vivo pelo facebook.com/CamaraMunicipalDeUba e pelo nosso site:\u00a0<a href=\"https://www.uba.mg.leg.br/menu-direito/tv-legislativa\" target=\"_blank\" rel=\"external nofollow noopener noreferrer\" tabindex=\"-1\">www.uba.mg.leg.br/menu-direito/tv-legislativa</a>.</p>", "author_name": "", "version": "1.0", "author_url": "https://www.uba.mg.leg.br/author/comunicacao", "provider_name": " ", "type": "rich"}