{"provider_url": "https://www.uba.mg.leg.br", "title": "Realizado o evento de incentivo \u00e0 cultura", "html": "<p>A Associa\u00e7\u00e3o Comercial e Industrial de Ub\u00e1 (Aciub\u00e1), o Sindicato Intermunicipal das Ind\u00fastrias do Mobili\u00e1rio de Ub\u00e1 (Intersind), a C\u00e2mara e a Prefeitura Municipal de Ub\u00e1 realizaram, em 09 de junho, no audit\u00f3rio da Aciub\u00e1, o evento de incentivo \u00e0 cultura, que contou com a participa\u00e7\u00e3o de cerca de 70 pessoas, entre artistas e produtores culturais de Ub\u00e1 e regi\u00e3o e convidados. A presidente da Aciub\u00e1, Izabel Vieira, fez a abertura oficial do evento.</p>\r\n<p>A primeira palestra da noite teve o tema: \u201cCapacita\u00e7\u00e3o para quest\u00f5es do Microempreendedor Individual (MEI) e outros ajustes de balan\u00e7o e presta\u00e7\u00e3o de contas\u201d, a cargo de Larissa do Vale Brum. A segunda palestra foi: \u201cMarketing conectando a marca com pe\u00e7a art\u00edstica ou cultural, ministrada por Pedro Alexandre Vieira. Em seguida, Jos\u00e9 Maria Fagundes fez a \u201capresenta\u00e7\u00e3o das Leis Municipais de Cultura\u201d.</p>\r\n<p>Al\u00e9m das palestras, representantes do Espa\u00e7o C\u00eanico Mutum, do Festival de Teatro de Ub\u00e1 (Fetuba), da Escola de Artes Duoavesso e da Associa\u00e7\u00e3o\u00a0Ubaense de Sa\u00fade Mental \u2013 Artes e Culturas (Andorinhas) contaram sobre seus projetos aos presentes.</p>", "author_name": "", "version": "1.0", "author_url": "https://www.uba.mg.leg.br/author/comunicacao", "provider_name": " ", "type": "rich"}