{"provider_url": "https://www.uba.mg.leg.br", "title": "Refis/Ub\u00e1 2017 na pauta de vota\u00e7\u00f5es da C\u00e2mara", "html": "<p style=\"text-align: justify; \"><span>Est\u00e1 prevista para a reuni\u00e3o ordin\u00e1ria de hoje (15), \u00e0s 19 horas, discuss\u00e3o e vota\u00e7\u00e3o final das seguintes mat\u00e9rias: Projeto de Lei n\u00ba 09/17 que oficializa denomina\u00e7\u00e3o de logradouros p\u00fablicos do Loteamento Residencial Santos Dumont, desta cidade de Ub\u00e1. E tamb\u00e9m do projeto de Lei n\u00ba 018/17 que autoriza abertura de Cr\u00e9dito Adicionais especiais no valor de R$ 16 mil junto ao Or\u00e7amento Municipal de 2017, no \u00e2mbito da Secretaria Municipal de Sa\u00fade/Fundo Municipal de Sa\u00fade para realiza\u00e7\u00e3o de despesas de custeio e de capital, com recursos oriundos da Secretaria de Estado de Sa\u00fade/SES/MG.</span></p>\r\n<p style=\"text-align: justify; \">Al\u00e9m das proposi\u00e7\u00f5es dos vereadores, outras duas mat\u00e9rias ser\u00e3o apreciadas nesta noite: a primeira vota\u00e7\u00e3o dos seguintes projetos: de Lei Complementar n\u00ba 02/17, que altera a reda\u00e7\u00e3o da Lei Complementar n\u00ba 192, de 09 de fevereiro de 2017, que institui Programa de Recupera\u00e7\u00e3o Fiscal no Munic\u00edpio de Ub\u00e1 denominado de REFIS/UB\u00c1 2017 autoriza sua reedi\u00e7\u00e3o em exerc\u00edcios posteriores nas condi\u00e7\u00f5es que especifica; e o Projeto de Lei n\u00ba 025/17 que institui logomarca oficial e permanente para a administra\u00e7\u00e3o p\u00fablica municipal e pro\u00edbe o uso de imagens, slogans, frases e s\u00edmbolos que possam ser associados a uma determinada gest\u00e3o de governo, na publicidade oficial da administra\u00e7\u00e3o p\u00fablica direta e indireta do Munic\u00edpio de Ub\u00e1.</p>\r\n<p style=\"text-align: justify; \">Participe das reuni\u00f5es da C\u00e2mara! Voc\u00ea \u00e9 nosso convidado!</p>\r\n<p style=\"text-align: justify; \">Assista tamb\u00e9m ao vivo pela TV Legislativa:\u00a0<br /> <a href=\"https://l.facebook.com/l.php?u=http%3A%2F%2Fwww.uba.mg.leg.br%2Fmenu-direito%2Ftv-legislativa&amp;h=ATPehGM05pITg_cjCcYek49h6DyrfRFh3cMGaFYyqDzBwrUT2-BwlItvo_qNtfnHGLD4VOpmLvJwD20jhtPc0h8UuoDIuBjee_R9HTmOJXy4BSh8Mzpb4RGi-y296lFZZMCLpsJFmy2tRLUEacHF6A&amp;enc=AZOEpzXzn-1cw7ShFBhbm0GS9KwX8UeGx1vkRlSXB7F0COTQl7Jv8k8oV7_6eZTWuFcTWuFvGINLZLWsxY514W7wExjQNa0ooyKMcWbdSVMMztSo7XP0v0bcPNvPul5pbFyL2UqZMR5ib4Vwg1JQSz9ijBqUV0UosAcB6-I2JX6FrPQB2M8LAOLHUK2ivxc4JED6KjpAneZZ9lSaFk9Jx--8&amp;s=1\" target=\"_blank\">http://www.uba.mg.leg.br/menu-direito/tv-legislativa</a></p>\r\n<p style=\"text-align: justify; \">\u00a0</p>\r\n<p>\u00a0</p>\r\n<p>\u00a0</p>\r\n<p>\u00a0</p>", "author_name": "", "version": "1.0", "author_url": "https://www.uba.mg.leg.br/author/comunicacao", "provider_name": " ", "type": "rich"}