{"provider_url": "https://www.uba.mg.leg.br", "title": "Resgate hist\u00f3rico", "html": "<p align=\"center\"><span>Com o objetivo de resgatar a hist\u00f3ria do Poder Legislativo e do munic\u00edpio de Ub\u00e1, a C\u00e2mara Municipal est\u00e1 organizando seus arquivos mais antigos, digitalizando e catalogando documentos diversos que se encontravam guardados na sede da CMU.\u00a0\u00a0</span></p>\r\n<p>Al\u00e9m de conservar a mem\u00f3ria da nossa cidade, o trabalho que est\u00e1 sendo realizado pelos servidores da C\u00e2mara viabilizar\u00e1 a consulta aos materiais com mais agilidade, sendo eles uma excelente fonte de pesquisa para todos que queiram saber mais sobre a hist\u00f3ria do munic\u00edpio e desta Casa Legislativa.</p>\r\n<p>\u00a0</p>\r\n<p align=\"center\"><b>Constru\u00e7\u00e3o do busto do Dr. Ozanam Coelho</b></p>\r\n<p>\u00a0</p>\r\n<p>Data do ano de 1984 a \u201cComiss\u00e3o Pr\u00f3-Constru\u00e7\u00e3o do Busto do Dr. Ozanam Coelho\u201d, criada pela C\u00e2mara Municipal de Ub\u00e1, na gest\u00e3o do ent\u00e3o presidente, vereador Lincoln Rodrigues Costa. A comiss\u00e3o integrava o Movimento para homenagear o \u201cGovernador Ozanam Coelho\u201d, lan\u00e7ado oficialmente em novembro daquele ano.</p>\r\n<p>Integraram o grupo que trabalhou diretamente na edifica\u00e7\u00e3o: Vereador Lincoln Rodrigues Costa (Presidente da Comiss\u00e3o), que faleceu pouco tempo antes da inaugura\u00e7\u00e3o; vereador Miguel Poggiali Gasparoni (Secret\u00e1rio); vereador Jos\u00e9 Xavier Brand\u00e3o Teixeira; vice-prefeito M\u00e1rio Schiavon; Professora Climene Moreira Brum; os ex-prefeitos de Ub\u00e1, Dr. Narciso Paulo Michelli e Sr. Armando Bigonha; e o Tabeli\u00e3o Dirceu dos Santos Ribeiro.</p>\r\n<p>O objetivo era realizar uma campanha popular e mobilizar toda a comunidade ubaense visando arrecadar fundos, coletar contribui\u00e7\u00f5es para que o monumento fosse constru\u00eddo na Pra\u00e7a S\u00e3o Janu\u00e1rio. Contas em tr\u00eas ag\u00eancias banc\u00e1rias foram abertas para esta finalidade: Bemge, Minas Caixa, Real. Muitos dep\u00f3sitos nominais, em cruzados, foram recebidos, sendo os comprovantes e cheques arquivados na C\u00e2mara.</p>\r\n<p>Foram recolhidas tamb\u00e9m doa\u00e7\u00f5es populares em um posto de coleta especialmente instalado para este fim, na Pra\u00e7a da Independ\u00eancia, por uma semana ap\u00f3s o lan\u00e7amento da campanha, realizado em 3 de novembro de 1985. Os valores arrecadados custearam a constru\u00e7\u00e3o do busto, or\u00e7ado em 28 mil cruzados.</p>\r\n<p>O vereador \u00e0 \u00e9poca, Miguel Poggiali Gasparoni era o secret\u00e1rio e representante da referida Comiss\u00e3o, justificou a homenagem ao lan\u00e7arem a campanha: \u201cTrata-se de movimento supra-partid\u00e1rio. De Prefeito a Governador de Minas Gerais, predicados n\u00e3o faltam ao Dr. Ozanam; suas obras s\u00e3o in\u00fameras; seus exemplos s\u00e3o diversos para que possamos recordar a sua figura imortal, mas acima de tudo queremos destacar a sua fiel e leal amizade, e o amor incontido pela sua Cidade e seu Estado. Todos se recordam de sua simpatia, seu sorriso, sua incans\u00e1vel luta pelo bem comum, seu desprendimento. Ozanam nunca permitiu que se cometesse uma injusti\u00e7a, jamais perseguiu ou incentivou persegui\u00e7\u00f5es; em sua \u00e9poca de vice e de Governador de Minas, experimentamos o progresso maior e cultivamos um desenvolvimento \u00edmpar; sentimos imensas e profundas saudades. Nosso imortal l\u00edder, Dr. Levindo Ozanam Coelho!\u201d</p>\r\n<p>O busto foi inaugurado em 17 de maio de 1986, pelo ent\u00e3o prefeito Prof. Jos\u00e9 Bigonha Gazolla, em solenidade abrilhantada pela apresenta\u00e7\u00e3o da Banda Sagrado Cora\u00e7\u00e3o de Jesus, corpora\u00e7\u00e3o presidida por Calixto Waquim; e da Banda 22 de Maio, regida pelo Maestro Gesualdo Muzitanno. A data escolhida \u00e9 o anivers\u00e1rio de nascimento do homenageado.</p>\r\n<p>V\u00e1rias autoridades participaram da solenidade de inaugura\u00e7\u00e3o, entre elas: o Ministro de Estado das Minas e Energia, Dr. Ant\u00f4nio Aureliano Chaves de Mendon\u00e7a; o Prefeito Municipal de Ub\u00e1, Prof. Jos\u00e9 Bigonha Gazolla; o Presidente da C\u00e2mara Municipal, vereador Dr. Norton Ant\u00f4nio Fagundes Reis; os Senadores Dr. Murilo Badar\u00f3 e Dr. Itamar Franco; Deputados Federais e Estaduais; o Presidente da Academia Mineira de Letras, Dr. Vivaldi Moreira; desembargadores, ju\u00edzes, delegados, al\u00e9m de v\u00e1rios ex-ministros e ex-secret\u00e1rios de estado, ex-governador, prefeitos e vereadores das cidades da regi\u00e3o, pol\u00edticos, empres\u00e1rios e delega\u00e7\u00f5es de institui\u00e7\u00f5es com representa\u00e7\u00e3o local.</p>\r\n<p>Tamb\u00e9m estiveram presentes muitos familiares do homenageado: sua esposa, Cybele Pinto Coelho, os filhos Saulo, Cibelinha, Levindo, Izaura e Mar\u00edlia, sete irm\u00e3os, alguns cunhados, e v\u00e1rios sobrinhos e netos.</p>\r\n<p>\u00a0</p>\r\n<p>A iniciativa</p>\r\n<p>Na semana seguinte ao falecimento do Deputado Federal e ex-governador do Estado de Minas Gerais, Dr. Levindo Ozanam Coelho, a C\u00e2mara sugeriu a constru\u00e7\u00e3o do busto e o pedido foi endossado pelo Prefeito Bigonha Gazolla, que nomeou a Comiss\u00e3o Pr\u00f3-Constru\u00e7\u00e3o do Busto.</p>\r\n<p>Em um ano e meio de campanha, contribui\u00e7\u00f5es foram arrecadadas em pra\u00e7a p\u00fablica, outras vieram de v\u00e1rias partes do estado e at\u00e9 de fora; contribui\u00e7\u00f5es vultuosas foram recebidas, mas constam no livro de assinaturas doa\u00e7\u00f5es de at\u00e9 cinquenta centavos de cruzados, o que demonstra o envolvimento popular com o projeto de constru\u00e7\u00e3o do busto.</p>\r\n<p>Centenas de correspond\u00eancias chegaram \u00e0 Secretaria da Comiss\u00e3o, todas recordando a dedica\u00e7\u00e3o, honestidade, humildade, simpatia, a incans\u00e1vel luta pelo bem comum e o desprendimento do Dr. Ozanam Coelho.</p>\r\n<p>\u00a0</p>\r\n<p><span>Quem foi Levindo Ozanam Coelho</span></p>\r\n<p>Nascido em 1914, era filho de Levindo Eduardo Coelho e Antonina Gon\u00e7alves Coelho. Formou-se em Direito pela Universidade de Minas Gerais em 1936. Foi promotor p\u00fablico. Casou-se com Cibele Pinto Coelho em 1940 e teve cinco filhos: Isaura Maria, Cibele de Lourdes, Levindo Eduardo,Saulo e Marilia.</p>\r\n<p>Na pol\u00edtica</p>\r\n<p>Herdeiro de um chefe pol\u00edtico de prest\u00edgio, o Senador Levindo Coelho, que liderou com autoridade a pol\u00edtica de Ub\u00e1 de 1910 at\u00e9 a sua morte em 1961, Ozanam Coelho surge na pol\u00edtica mineira durante o Estado Novo, com apenas 25 anos de idade, para suceder seu pai, Levindo Eduardo Coelho, na prefeitura de Ub\u00e1 em 1939. Foi deputado estadual por doze anos e federal por dezessete.</p>\r\n<p>N\u00e3o falava com frequ\u00eancia na tribuna. Preferia atuar nas comiss\u00f5es t\u00e9cnicas e nas articula\u00e7\u00f5es de bastidores. Tinha tr\u00e2nsito livre em todas as correntes partid\u00e1rias, o que lhe valeu a lideran\u00e7a da bancada pessedista na Assembleia Legislativa durante a terceira legislatura. Seus amigos da pol\u00edtica o chamavam de conciliador, por isso. Participou da elabora\u00e7\u00e3o da Constituinte Mineira de 1947. Apresentou, juntamente com outros deputados, doze emendas ao projeto constitucional, sendo a mais importante delas, fundamental para a economia do Estado, a que dizia respeito \u00e0 parceria do Estado com a iniciativa privada para a constru\u00e7\u00e3o de usinas hidrel\u00e9tricas. Permaneceu na C\u00e2mara dos Deputados por sete legislaturas. Em 1975, foi eleito, por um col\u00e9gio eleitoral, vice-governador do Estado, na chapa de Aureliano Chaves, para o quadri\u00eanio 1975-1979.</p>\r\n<p>Governo de Minas Gerais</p>\r\n<p>Ozanam Coelho foi escolhido vice-governador de Aureliano Chaves por ser um pol\u00edtico conciliador e com bom tr\u00e2nsito entre pol\u00edticos da ex-UDN e sem atritos de maior relev\u00e2ncia com seus companheiros do ex-PSD.</p>\r\n<p>Assume o governo de Minas no per\u00edodo de 5 de julho de 1978 at\u00e9 15 de mar\u00e7o de 1979. Aureliano Chaves renunciou ao cargo para se candidatar \u00e0 vice-presid\u00eancia da Rep\u00fablica, na chapa do general Jo\u00e3o Batista Figueiredo.</p>\r\n<p>Para Ub\u00e1</p>\r\n<p>Ozanam Coelho se dedicou \u00e0 elabora\u00e7\u00e3o de projetos que atendiam suas bases eleitorais, principalmente as de Ub\u00e1; com \u00eanfase para as quest\u00f5es municipais; pedidos de libera\u00e7\u00e3o de subven\u00e7\u00f5es; e assuntos ligados a interesses espec\u00edficos de entidades assistenciais.</p>\r\n<p>\u00a0</p>\r\n<p><b><i>Fonte: VAZ, Alisson Mascarenhas. Ozanam Coelho, o conciliador-uma biografia pol\u00edtica. Belo Horizonte: T\u00eampora, 2001.</i></b></p>", "author_name": "", "version": "1.0", "author_url": "https://www.uba.mg.leg.br/author/comunicacao", "provider_name": " ", "type": "rich"}