{"provider_url": "https://www.uba.mg.leg.br", "title": "Retomada das atividades parlamentares", "html": "<p>A C\u00e2mara Municipal de Ub\u00e1 retorna os trabalhos parlamentares na pr\u00f3xima segunda-feira, 07 de fevereiro de 2022. A Reuni\u00e3o Ordin\u00e1ria ser\u00e1 \u00e0s 19h, no plen\u00e1rio do Legislativo Ubaense.</p>\r\n<p><span>ACOMPANHE TAMB\u00c9M AO VIVO PELA TV LEGISLATIVA: </span><span><a href=\"https://www.uba.mg.leg.br/menu-direito/tv-legislativa?fbclid=IwAR1SUN7ZT0SbRlobNV5lDd12Fv3jIIPVfrFVrHhifUp_dNWxrNXUw4HLGDw\" target=\"_blank\" class=\"oajrlxb2 g5ia77u1 qu0x051f esr5mh6w e9989ue4 r7d6kgcz rq0escxv nhd2j8a9 nc684nl6 p7hjln8o kvgmc6g5 cxmmr5t8 oygrvhab hcukyx3x jb3vyjys rz4wbd8a qt6c0cv9 a8nywdso i1ao9s8h esuyzwwr f1sip0of lzcic4wl gpro0wi8 py34i1dx\" rel=\"nofollow noopener\" tabindex=\"0\">https://www.uba.mg.leg.br/menu-direito/tv-legislativa</a></span></p>", "author_name": "", "version": "1.0", "author_url": "https://www.uba.mg.leg.br/author/comunicacao", "provider_name": " ", "type": "rich"}