{"provider_url": "https://www.uba.mg.leg.br", "title": "Reuni\u00e3o ordin\u00e1ria: confira os projetos discutidos", "html": "<p align=\"center\" style=\"text-align: justify; \"><span style=\"text-align: justify; \">Em pauta na reuni\u00e3o semanal dos vereadores de Ub\u00e1, novamente realizada com restri\u00e7\u00f5es devido \u00e0 orienta\u00e7\u00e3o de distanciamento social, estavam dois projetos de resolu\u00e7\u00e3o.</span></p>\r\n<p style=\"text-align: justify; \">Retornando \u00e0 tramita\u00e7\u00e3o ap\u00f3s pedido de vista feito pelo vereador Edeir Pacheco na reuni\u00e3o anterior, o PR n\u00ba 002/2020, que \u201cDisp\u00f5e sobre o Regimento Interno da Escola do Legislativo da C\u00e2mara Municipal de Ub\u00e1\", permaneceu sem aprecia\u00e7\u00e3o plen\u00e1ria. Desta vez, houve solicita\u00e7\u00e3o de vista pelo vereador Alexandre Mendes, e o texto deve retornar \u00e0 pauta daqui uma semana.</p>\r\n<p style=\"text-align: justify; \"><span>J\u00e1 o PR n\u00ba 003/2020, que prev\u00ea altera\u00e7\u00f5es no Regimento Interno da C\u00e2mara Municipal de Ub\u00e1, especificamente dos par\u00e1grafos 1\u00ba, 2\u00ba e 3\u00ba do Art. 179, foi aprovado por unanimidade em primeira vota\u00e7\u00e3o. A mat\u00e9ria ser\u00e1 novamente discutida e votada na pr\u00f3xima reuni\u00e3o ordin\u00e1ria.</span></p>\r\n<p style=\"text-align: justify; \">Os vereadores Pastor Darci Pires e Joseli Pinto n\u00e3o participaram desta reuni\u00e3o, estando afastados por motivo de sa\u00fade. Eles foram substitu\u00eddos pelos suplentes Ademir da Fonseca Firmiano e Hygor Jos\u00e9 Feital Burato.</p>\r\n<p style=\"text-align: justify; \">\u00a0</p>", "author_name": "", "version": "1.0", "author_url": "https://www.uba.mg.leg.br/author/comunicacao", "provider_name": " ", "type": "rich"}