{"provider_url": "https://www.uba.mg.leg.br", "title": "Reuni\u00f5es plen\u00e1rias voltam no pr\u00f3ximo dia 02 com restri\u00e7\u00f5es", "html": "<p style=\"text-align: justify; \"><span>O ano de 2021 chegou e, com ele, uma nova Legislatura. A partir do dia 02 de fevereiro a C\u00e2mara Municipal de Ub\u00e1 iniciar\u00e1, oficialmente, seus trabalhos com a primeira reuni\u00e3o ordin\u00e1ria, marcada para \u00e0s 19h.\u00a0</span></p>\r\n<p style=\"text-align: justify; \">Seguindo os protocolos de distanciamento social colocados pelo programa Minas Consciente, nosso Plen\u00e1rio manter\u00e1 sua capacidade de p\u00fablico reduzida - apenas 23 pessoas, contando vereadores, servidores, popula\u00e7\u00e3o e imprensa credenciados - , o que significa uma pessoa a cada 10m\u00b2. O uso de m\u00e1scaras segue indispens\u00e1vel.</p>\r\n<p style=\"text-align: justify; \">A C\u00e2mara de Ub\u00e1 convida a todos a assistirem, virtualmente, nossas reuni\u00f5es, que s\u00e3o transmitidas ao vivo pela p\u00e1gina da CMU no Facebook e tamb\u00e9m podem ser acessadas a qualquer hora em nosso canal no YouTube.</p>\r\n<p style=\"text-align: justify; \">\u00c9 importante destacar que, mesmo durante o recesso parlamentar, os vereadores est\u00e3o exercendo suas atividades legislativas normalmente, atendendo \u00e0 popula\u00e7\u00e3o e sendo o elo entre os cidad\u00e3os e o Poder Legislativo.</p>", "author_name": "", "version": "1.0", "author_url": "https://www.uba.mg.leg.br/author/comunicacao", "provider_name": " ", "type": "rich"}