{"provider_url": "https://www.uba.mg.leg.br", "title": "S\u00e1bado \u00e9 dia de aula de Qu\u00edmica", "html": "<p><span>No pr\u00f3ximo s\u00e1bado, 13 de setembro, de 13h \u00e0s 18h, ser\u00e1 ministrada a aula de Qu\u00edmica para os estudantes que se preparam para o Exame Nacional do Ensino M\u00e9dio (ENEM). Este ano, a C\u00e2mara Municipal de Ub\u00e1 realiza o Pr\u00e9-Enem Social em parceria com o Unifagoc. As aulas acontecem aos s\u00e1bados, at\u00e9 01 de novembro de 2025. As provas do ENEM est\u00e3o previstas para os dias 9 e 16 de novembro.</span></p>", "author_name": "", "version": "1.0", "author_url": "https://www.uba.mg.leg.br/author/comunicacao", "provider_name": " ", "type": "rich"}