{"provider_url": "https://www.uba.mg.leg.br", "title": "Segunda-feira retornam as reuni\u00f5es ordin\u00e1rias", "html": "<p><span>Na pr\u00f3xima segunda-feira (5), \u00e0s 19h, retornam as reuni\u00f5es ordin\u00e1rias na C\u00e2mara Municipal de Ub\u00e1. Acompanhe tamb\u00e9m ao vivo pela internet, em nosso site, no link:<span class=\"apple-converted-space\">\u00a0http://www.uba.mg.leg.br/menu-direito/tv-legislativa.</span></span></p>", "author_name": "", "version": "1.0", "author_url": "https://www.uba.mg.leg.br/author/comunicacao", "provider_name": " ", "type": "rich"}