{"provider_url": "https://www.uba.mg.leg.br", "title": "Tema da Campanha da Fraternidade \u00e9 debatido na CMU", "html": "<p align=\"center\" style=\"text-align: justify; \"><span>\u201cSer\u00e1s libertado pelo direito e pela justi\u00e7a\u201d (Is 1,27). O vers\u00edculo b\u00edblico do profeta Isa\u00edas \u00e9 o lema escolhido para a Campanha da Fraternidade 2019, que traz como tema \u201cFraternidade e Pol\u00edticas P\u00fablicas\u201d. Iniciativa da Igreja Cat\u00f3lica, por meio da\u00a0Confer\u00eancia Nacional dos Bispos do Brasil (CNBB), a audi\u00eancia p\u00fablica foi realizada na noite de quinta-feira (11), na C\u00e2mara Municipal de Ub\u00e1 (CMU), atendendo ao requerimento da vereadora suplente, Maria Auxiliadora Duarte Montezano, aprovado por todos os vereadores.</span></p>\r\n<p style=\"text-align: justify; \">A palestra foi ministrada por Andr\u00e9 Eust\u00e1quio Alves, ex-coordenador da Renova\u00e7\u00e3o Carism\u00e1tica Cat\u00f3lica, pregador, m\u00fasico e integrante do Grupo de Ora\u00e7\u00e3o S\u00e3o Francisco da Par\u00f3quia S\u00e3o Sebasti\u00e3o. O evento contou com a participa\u00e7\u00e3o do vice-presidente da CMU, vereador Jos\u00e9 Roberto Reis Filgueiras e do vereador Edeir Pacheco da Costa.</p>\r\n<p style=\"text-align: justify; \">O objetivo do debate foi estimular a participa\u00e7\u00e3o em pol\u00edticas p\u00fablicas, \u00e0 luz da palavra de Deus e da doutrina social da igreja, para fortalecer a cidadania e o bem comum, sinais de fraternidade.</p>\r\n<p style=\"text-align: justify; \">Andr\u00e9 explanou sobre o que a Igreja entende por fraternidade. \u201cA religiosidade do povo \u00e9 um acervo de valores que responde com sabedoria crist\u00e3 as grandes inc\u00f3gnitas da exist\u00eancia. Engloba criativamente o divino e o humano, Cristo e Maria, esp\u00edrito e corpo, comunh\u00e3o e institui\u00e7\u00e3o, pessoa e comunidade, f\u00e9 e p\u00e1tria, intelig\u00eancia e afeto, amor, carinho e fraternidade, essa jun\u00e7\u00e3o, essa unidade de poder usar nossa sabedoria humana em prol do outro\u201d.</p>\r\n<p style=\"text-align: justify; \">O palestrante falou tamb\u00e9m sobre as pol\u00edticas p\u00fablicas. \u201cS\u00e3o conjuntos de programas, a\u00e7\u00f5es e atividades desenvolvidas pelo Estado, diretamente ou indiretamente, com a participa\u00e7\u00e3o de entes\u00a0p\u00fablicos\u00a0ou privados, que visam assegurar determinado direito de cidadania, de forma difusa ou para determinado segmento social, cultural, \u00e9tnico ou econ\u00f4mico. Essa \u00e9 a preocupa\u00e7\u00e3o da Igreja: que todos estes direitos cheguem at\u00e9 as pessoas que verdadeiramente precisam\u201d, explicou.</p>\r\n<p style=\"text-align: justify; \">Segundo Andr\u00e9, o Catecismo da Igreja Cat\u00f3lica mostra que \u00e9 nosso dever e, ao mesmo tempo direito, exigir que nossas autoridades estabele\u00e7am leis que reconhe\u00e7am os direitos inalien\u00e1veis da pessoa humana. \u201cOs direitos do homem n\u00e3o dependem nem dos indiv\u00edduos nem dos pais, e tamb\u00e9m n\u00e3o representam uma concess\u00e3o da sociedade e do Estado. Pertencem \u00e0 natureza humana e s\u00e3o inerentes \u00e0 pessoa em raz\u00e3o do ato criador do qual esta se origina. Entre estes direitos fundamentais \u00e9 preciso citar o direito \u00e0 vida e \u00e0 integridade f\u00edsica de todo ser humano desde a concep\u00e7\u00e3o at\u00e9 a morte. No momento em que uma lei positiva priva uma categoria de seres humanos da prote\u00e7\u00e3o que a legisla\u00e7\u00e3o civil lhes deve dar, o Estado nega a igualdade de todos perante a lei. E quando o Estado n\u00e3o coloca sua for\u00e7a a servi\u00e7o dos direitos de todos os cidad\u00e3os, particularmente dos mais fracos, os pr\u00f3prios fundamentos de um estado de direito est\u00e3o amea\u00e7ados\u201d, ressaltou.</p>\r\n<p style=\"text-align: justify; \">Conforme o palestrante, a campanha da fraternidade se d\u00e1 no per\u00edodo quaresmal, per\u00edodo de reflex\u00e3o para os cat\u00f3licos, per\u00edodo de convers\u00e3o, de autoan\u00e1lise da pessoa diante de Deus e da sociedade. \u201cE para refletir deixo a seguinte pergunta que Deus fez para Caim: \u2018Onde est\u00e1 o seu irm\u00e3o? Onde est\u00e1 aquele que precisa? Onde est\u00e1 aquele a quem eu preciso levar a dignidade? Onde est\u00e1 aquele que precisa ser igual a mim? Onde est\u00e1 aquele que necessita n\u00e3o s\u00f3 de bens materiais?\u2019 Onde est\u00e1 o seu irm\u00e3o?\u201d, disse.</p>\r\n<p style=\"text-align: justify; \">O vice-presidente da CMU, vereador Jos\u00e9 Roberto Reis Filgueiras, destacou a import\u00e2ncia da participa\u00e7\u00e3o dos crist\u00e3os na pol\u00edtica. \u201cA palavra crist\u00e3o nos remete a Jesus Cristo, que nos ensinou a amar, a respeitar e a cuidar do pr\u00f3ximo<span>.</span> E a pol\u00edtica \u00e9 para todos! \u00c9 o nosso papel mostrar que a pol\u00edtica \u00e9 algo bom, e pode transformar e mudar a vida das pessoas, trazendo esperan\u00e7a, dignidade e uma vida melhor\u201d.</p>\r\n<p style=\"text-align: justify; \">O contexto da passagem em que Jesus promete vida abundante \u00e0queles que s\u00e3o seus, foi abordado pelo vereador Edeir Pacheco que explicou: \u201cJesus disse: Eu vim para que\u00a0tenham vida, e vida em\u00a0abund\u00e2ncia. Ter uma vida em abund\u00e2ncia \u00e9 desfrutar de comunh\u00e3o com Deus atrav\u00e9s da obra redentora de Cristo. \u00c9 ter sido salvo pela gra\u00e7a mediante a f\u00e9. E o tema da campanha da fraternidade fala em pol\u00edticas p\u00fablicas e se acompanharmos o significado de fraternidade com certeza as pol\u00edticas p\u00fablicas v\u00e3o acontecer da melhor forma, com o esp\u00edrito de reconhecer o outro e saber onde est\u00e1 o seu irm\u00e3o\u201d, declarou.</p>\r\n<p style=\"text-align: justify; \">A vereadora suplente, Maria Auxiliadora Duarte Montezano, agradeceu aos vereadores pela realiza\u00e7\u00e3o deste debate e fez uma reflex\u00e3o acerca do tema da campanha da fraternidade. \u00a0\u201cEspero que este momento que n\u00f3s vivemos mude a nossa cabe\u00e7a e a de nossa sociedade de que precisamos ser Igreja e precisamos ser pol\u00edtica. Muitas pessoas dizem que pol\u00edtica n\u00e3o se discute, mas porque certamente n\u00e3o sabem a beleza e a ess\u00eancia de se fazer uma pol\u00edtica bem feita. Diante disso, agrade\u00e7o a todos os vereadores que disseram sim para este momento de hoje. N\u00f3s vivemos uma pol\u00edtica e nosso primeiro pol\u00edtico, um grande pol\u00edtico, foi Jesus que disse: \u2018dar a C\u00e9sar o que \u00e9 de C\u00e9sar e dar a Deus o que \u00e9 de Deus\u2019, fazendo com que o amor existisse, a unidade tamb\u00e9m e o direito. Eu n\u00e3o posso querer ter um direito sem fazer nada, eu preciso fazer a minha parte, com f\u00e9 em Deus\u201d, pontuou.</p>\r\n<p style=\"text-align: justify; \">Andr\u00e9 concluiu o debate mencionando trecho de uma fala do Papa Francisco: \u201cNenhum de n\u00f3s pode dizer: n\u00e3o tenho nada a ver com isso, j\u00e1 que eles \u00e9 que governam. Ao contr\u00e1rio, eu sou respons\u00e1vel pelo seu governo e devo dar o melhor de mim para que eles governem bem, e participar da pol\u00edtica dentro das minhas possibilidades. E o Papa continuou a falar da import\u00e2ncia da pol\u00edtica: Eu n\u00e3o posso lavar minhas m\u00e3os. Todos n\u00f3s devemos oferecer algo. Um bom cat\u00f3lico se empenha na pol\u00edtica oferecendo o melhor de si, para que o governante possa governar\u201d, concluiu.</p>\r\n<p style=\"text-align: justify; \"><b>Campanha</b></p>\r\n<p style=\"text-align: justify; \">A Campanha da Fraternidade \u00e9 realizada todos os anos pela Confedera\u00e7\u00e3o Nacional dos Bispos do Brasil (CNBB) no per\u00edodo da Quaresma. O objetivo \u00e9 despertar a solidariedade dos fi\u00e9is e da sociedade em rela\u00e7\u00e3o a um problema concreto que envolve a sociedade brasileira, buscando caminhos de solu\u00e7\u00e3o. A cada ano \u00e9 escolhido um tema, que define a realidade espec\u00edfica a ser transformada, e um lema, que explicita em que dire\u00e7\u00e3o se busca a transforma\u00e7\u00e3o.</p>\r\n<p style=\"text-align: justify; \">\u00a0</p>\r\n<p style=\"text-align: justify; \">\u00a0</p>\r\n<p style=\"text-align: justify; \">\u00a0\u00a0\u00a0\u00a0\u00a0\u00a0\u00a0\u00a0\u00a0\u00a0\u00a0\u00a0\u00a0\u00a0\u00a0\u00a0\u00a0\u00a0\u00a0\u00a0\u00a0\u00a0\u00a0\u00a0\u00a0\u00a0\u00a0\u00a0\u00a0\u00a0\u00a0\u00a0\u00a0\u00a0\u00a0\u00a0\u00a0\u00a0\u00a0\u00a0\u00a0\u00a0\u00a0\u00a0\u00a0\u00a0\u00a0\u00a0\u00a0\u00a0\u00a0\u00a0\u00a0\u00a0\u00a0\u00a0\u00a0\u00a0\u00a0\u00a0\u00a0\u00a0\u00a0\u00a0\u00a0\u00a0\u00a0\u00a0\u00a0\u00a0\u00a0\u00a0\u00a0\u00a0\u00a0\u00a0\u00a0\u00a0\u00a0\u00a0\u00a0\u00a0\u00a0</p>", "author_name": "", "version": "1.0", "author_url": "https://www.uba.mg.leg.br/author/comunicacao", "provider_name": " ", "type": "rich"}