{"provider_url": "https://www.uba.mg.leg.br", "title": "Tema da Campanha da Fraternidade ser\u00e1 debatido na CMU", "html": "<p style=\"text-align: justify; \"><span>A C\u00e2mara Municipal de Ub\u00e1 realiza, \u00e0s 19h desta quinta-feira (11), uma audi\u00eancia p\u00fablica para discutir o tema da Campanha da Fraternidade de 2019: \u201cFraternidade e Pol\u00edticas P\u00fablicas\u201d. A palestra ser\u00e1 ministrada por Andr\u00e9 Eust\u00e1quio Alves, que \u00e9 ex-coordenador da Renova\u00e7\u00e3o Carism\u00e1tica Cat\u00f3lica, Pregador, M\u00fasico e integrante do Grupo de Ora\u00e7\u00e3o S\u00e3o Francisco da Par\u00f3quia S\u00e3o Sebasti\u00e3o. A audi\u00eancia p\u00fablica foi solicitada pela vereadora suplente, Maria Auxiliadora Duarte Montezano.</span></p>\r\n<div class=\"_3x-2\" data-ft=\"{&quot;tn&quot;:&quot;H&quot;}\">\r\n<div data-ft=\"{&quot;tn&quot;:&quot;H&quot;}\">\r\n<div class=\"mtm\">\r\n<div>\r\n<div class=\"_5cq3 _1ktf\" data-ft=\"{&quot;tn&quot;:&quot;E&quot;}\"><a class=\"_4-eo _2t9n\" href=\"https://www.facebook.com/CamaraMunicipalDeUba/photos/a.233556786743704/2305334856232543/?type=3&amp;eid=ARCtSnSW0O7MtEBOG5CEKIYh-BIz1JvTTSwfL-Yjt3zxYEHsHCsTUAPV5YF7fNG6zkyMH0s-ulBOhpqp&amp;__xts__%5B0%5D=68.ARAN3c5zpir5QPevs77TsBknyEkFI6W88bKcOsm2qMGdWwO4Szt5uciyn4mswN1kUwvnnFHrkz4nBQB_PMbzkm76KfGjprwOeIcb1IOeQZrP9gk1VmbMaTTCxA1GLfPj16sSCyUep8ttrHx_hOax780n-M2R7tQsTpInLsg4OM9JnaAs6Cb92fLOO8T8qZ-A3hjOv1uJi2uum4QHCdlyxoBP4gtmbw0n9KcXuMcvY2u1SExHVSLWUyqHtR06jTCfSC8TRr3foPtN1Uk6k8_8QbGc567VS080bUYI6dPbvJnu2z7SuHUxPcvdPMmpgbMgccpQ&amp;__tn__=EHH-R-R-R\" rel=\"theater\" data-ploi=\"https://scontent.fmea2-1.fna.fbcdn.net/v/t1.0-9/66222857_2305334862899209_3079082348222873600_o.jpg?_nc_cat=107&amp;_nc_eui2=AeEoi7Q2mg7THg59e6mPTX9vNhCRNs0g1oK3KcF6B8ytpGGkY_7tQ8k-gHgpnYqBZtrrKfFOfpGTVLS3lw3mc4Ge6qmrazlGXoz0wDxUIZlZIA&amp;_nc_oc=AQl-_uRrN3UI33lI6jsH7m52b5mOMxyR8qjAgdM-RIxGIBjTvARu7_eoTA1V452eb-I&amp;_nc_ht=scontent.fmea2-1.fna&amp;oh=8756b1466b5b9f12aaa2e9f0da502c48&amp;oe=5DAF172F\" data-plsi=\"https://scontent.fmea2-1.fna.fbcdn.net/v/t1.0-9/66148614_2305334859565876_3714475639579869184_n.jpg?_nc_cat=107&amp;_nc_eui2=AeELJ-p06YgYHk8QByTZ4iSBTf8mPCkKiDLDrAwln2d3C6OecSQB0Wp5V4PjZtPD6xw4bkkEOIp1BSVbJhorWzlS59kACujTroj6_Oyh7bOTeA&amp;_nc_oc=AQn65NejsNHXB44n4dwUAc4LvLQgr3NCAKJynoUIg7NuquRtywIJhTQ5a-1tI9mTXys&amp;_nc_ht=scontent.fmea2-1.fna&amp;oh=757af9d832308129a63593fc54d9e4cf&amp;oe=5DA72DDD\" data-render-location=\"homepage_stream\"></a></div>\r\n</div>\r\n</div>\r\n</div>\r\n</div>", "author_name": "", "version": "1.0", "author_url": "https://www.uba.mg.leg.br/author/comunicacao", "provider_name": " ", "type": "rich"}